{"id":22568,"date":"2021-01-15T20:12:46","date_gmt":"2021-01-15T20:12:46","guid":{"rendered":"http:\/\/www.agriatv.hu\/?p=22568"},"modified":"2021-01-15T20:12:47","modified_gmt":"2021-01-15T20:12:47","slug":"keszulnek-a-tomegre-kekesteton-is","status":"publish","type":"post","link":"https:\/\/www.agriatv.hu\/?p=22568","title":{"rendered":"K\u00e9sz\u00fclnek a t\u00f6megre K\u00e9kestet\u0151n is"},"content":{"rendered":"\n<div class=\"wp-block-image\"><figure class=\"alignleft size-large is-resized\"><a href=\"https:\/\/www.agriatv.hu\/wp-content\/uploads\/2021\/01\/100007801.325x183.jpg\"><img loading=\"lazy\" decoding=\"async\" src=\"https:\/\/www.agriatv.hu\/wp-content\/uploads\/2021\/01\/100007801.325x183.jpg\" alt=\"\" class=\"wp-image-22569\" width=\"214\" height=\"120\" srcset=\"https:\/\/www.agriatv.hu\/wp-content\/uploads\/2021\/01\/100007801.325x183.jpg 325w, https:\/\/www.agriatv.hu\/wp-content\/uploads\/2021\/01\/100007801.325x183-300x169.jpg 300w\" sizes=\"auto, (max-width: 214px) 100vw, 214px\" \/><\/a><\/figure><\/div>\n\n\n\n<p>Hatalmas t\u00f6megre sz\u00e1m\u00edtanak a h\u00e9tv\u00e9g\u00e9n K\u00e9kestet\u0151n, ez\u00e9rt korl\u00e1toz\u00e1sokat terveznek. Az \u00fczemeltet\u0151 szerint ez\u00e9rt \u00e9rdemes id\u0151ben elindulni, mert m\u00e1r ma is sokan sz\u00e1nk\u00f3ztak. De B\u00e1nk\u00faton is rengetegen lehetnek, m\u00falt h\u00e9ten ott m\u00e1r k\u00f6zleked\u00e9si k\u00e1osz alakult ki, ez\u00e9rt most polg\u00e1r\u0151r\u00f6k seg\u00edtik majd az aut\u00f3sokat a parkol\u00e1sban. Szolnokon pedig h\u00f3\u00e1gy\u00faval l\u00f6vik az egyik dombot, hogy min\u00e9l kevesebben utazzanak el onnan K\u00e9kestet\u0151re.<\/p>\n\n\n\n<iframe loading=\"lazy\" width=\"640\" height=\"266\" src=\"https:\/\/tenyek.hu\/embed\/7094\" style=\"border:none;\" allowfullscreen allow=\"autoplay; fullscreen; picture-in-picture; xr-spatial-tracking; encrypted-media\"><\/iframe>\n","protected":false},"excerpt":{"rendered":"<p>Hatalmas t\u00f6megre sz\u00e1m\u00edtanak a h\u00e9tv\u00e9g\u00e9n K\u00e9kestet\u0151n, ez\u00e9rt korl\u00e1toz\u00e1sokat terveznek. Az \u00fczemeltet\u0151 szerint ez\u00e9rt \u00e9rdemes id\u0151ben elindulni, mert m\u00e1r ma is sokan sz\u00e1nk\u00f3ztak. De B\u00e1nk\u00faton is rengetegen lehetnek, m\u00falt h\u00e9ten ott m\u00e1r k\u00f6zleked\u00e9si k\u00e1osz alakult ki, ez\u00e9rt most polg\u00e1r\u0151r\u00f6k seg\u00edtik majd az aut\u00f3sokat a parkol\u00e1sban. Szolnokon pedig h\u00f3\u00e1gy\u00faval l\u00f6vik az egyik dombot, hogy min\u00e9l kevesebben utazzanak [&#8230;]<\/p>\n","protected":false},"author":4,"featured_media":0,"comment_status":"open","ping_status":"closed","sticky":false,"template":"","format":"standard","meta":{"footnotes":""},"categories":[6,19,11,4],"tags":[1104,2757,872,1869,831,1567,3493],"class_list":["post-22568","post","type-post","status-publish","format-standard","hentry","category-belfold","category-egeszseg","category-sport","category-szabadido","tag-havazas","tag-hetvege","tag-ho","tag-kekesteto","tag-si","tag-szanko","tag-tomeg"],"_links":{"self":[{"href":"https:\/\/www.agriatv.hu\/index.php?rest_route=\/wp\/v2\/posts\/22568","targetHints":{"allow":["GET"]}}],"collection":[{"href":"https:\/\/www.agriatv.hu\/index.php?rest_route=\/wp\/v2\/posts"}],"about":[{"href":"https:\/\/www.agriatv.hu\/index.php?rest_route=\/wp\/v2\/types\/post"}],"author":[{"embeddable":true,"href":"https:\/\/www.agriatv.hu\/index.php?rest_route=\/wp\/v2\/users\/4"}],"replies":[{"embeddable":true,"href":"https:\/\/www.agriatv.hu\/index.php?rest_route=%2Fwp%2Fv2%2Fcomments&post=22568"}],"version-history":[{"count":1,"href":"https:\/\/www.agriatv.hu\/index.php?rest_route=\/wp\/v2\/posts\/22568\/revisions"}],"predecessor-version":[{"id":22570,"href":"https:\/\/www.agriatv.hu\/index.php?rest_route=\/wp\/v2\/posts\/22568\/revisions\/22570"}],"wp:attachment":[{"href":"https:\/\/www.agriatv.hu\/index.php?rest_route=%2Fwp%2Fv2%2Fmedia&parent=22568"}],"wp:term":[{"taxonomy":"category","embeddable":true,"href":"https:\/\/www.agriatv.hu\/index.php?rest_route=%2Fwp%2Fv2%2Fcategories&post=22568"},{"taxonomy":"post_tag","embeddable":true,"href":"https:\/\/www.agriatv.hu\/index.php?rest_route=%2Fwp%2Fv2%2Ftags&post=22568"}],"curies":[{"name":"wp","href":"https:\/\/api.w.org\/{rel}","templated":true}]}}