{"id":22580,"date":"2021-01-18T07:23:27","date_gmt":"2021-01-18T07:23:27","guid":{"rendered":"http:\/\/www.agriatv.hu\/?p=22580"},"modified":"2021-01-18T07:23:27","modified_gmt":"2021-01-18T07:23:27","slug":"vekony-jegen-csuszkalnak","status":"publish","type":"post","link":"https:\/\/www.agriatv.hu\/?p=22580","title":{"rendered":"V\u00e9kony j\u00e9gen cs\u00faszk\u00e1lnak"},"content":{"rendered":"\n<div class=\"wp-block-image\"><figure class=\"alignleft size-large is-resized\"><a href=\"https:\/\/www.agriatv.hu\/wp-content\/uploads\/2021\/01\/100007889.325x183.jpg\"><img loading=\"lazy\" decoding=\"async\" src=\"https:\/\/www.agriatv.hu\/wp-content\/uploads\/2021\/01\/100007889.325x183.jpg\" alt=\"\" class=\"wp-image-22581\" width=\"225\" height=\"127\" srcset=\"https:\/\/www.agriatv.hu\/wp-content\/uploads\/2021\/01\/100007889.325x183.jpg 325w, https:\/\/www.agriatv.hu\/wp-content\/uploads\/2021\/01\/100007889.325x183-300x169.jpg 300w\" sizes=\"auto, (max-width: 225px) 100vw, 225px\" \/><\/a><\/figure><\/div>\n\n\n\n<p>Alig \u00f6t centi vastag a j\u00e9g, ennek ellen\u00e9re rengetegen csal\u00e1d cs\u00faszk\u00e1ltak d\u00e9lel\u0151tt a Napl\u00e1s tavon. Hi\u00e1ba a sok figyelmeztet\u00e9s, hogy \u00e9letvesz\u00e9lyes a t\u00f3ra l\u00e9pni, a legt\u00f6bb embert ez nem \u00e9rdekelte. Sz\u00e9kesfeh\u00e9rv\u00e1ron a S\u00f3s-t\u00f3n be is szakadt a j\u00e9g egy kutya alatt, madarakat kergetett a j\u00e9gen, a t\u0171zolt\u00f3knak kellett kimenteni\u00fck. A biztons\u00e1gos j\u00e9g kialakul\u00e1s\u00e1hoz t\u00f6bb napig tart\u00f3 fagy kell \u00e9jjel-nappal, a j\u00f6v\u0151 h\u00e9t k\u00f6zep\u00e9n azonban m\u00e1r meleged\u00e9s \u00e9rkezik az orsz\u00e1gba.<\/p>\n\n\n\n<iframe loading=\"lazy\" width=\"640\" height=\"266\" src=\"https:\/\/tenyek.hu\/embed\/7158\" style=\"border:none;\" allowfullscreen allow=\"autoplay; fullscreen; picture-in-picture; xr-spatial-tracking; encrypted-media\"><\/iframe>\n","protected":false},"excerpt":{"rendered":"<p>Alig \u00f6t centi vastag a j\u00e9g, ennek ellen\u00e9re rengetegen csal\u00e1d cs\u00faszk\u00e1ltak d\u00e9lel\u0151tt a Napl\u00e1s tavon. Hi\u00e1ba a sok figyelmeztet\u00e9s, hogy \u00e9letvesz\u00e9lyes a t\u00f3ra l\u00e9pni, a legt\u00f6bb embert ez nem \u00e9rdekelte. Sz\u00e9kesfeh\u00e9rv\u00e1ron a S\u00f3s-t\u00f3n be is szakadt a j\u00e9g egy kutya alatt, madarakat kergetett a j\u00e9gen, a t\u0171zolt\u00f3knak kellett kimenteni\u00fck. A biztons\u00e1gos j\u00e9g kialakul\u00e1s\u00e1hoz t\u00f6bb napig [&#8230;]<\/p>\n","protected":false},"author":4,"featured_media":0,"comment_status":"open","ping_status":"closed","sticky":false,"template":"","format":"standard","meta":{"footnotes":""},"categories":[6,19,4],"tags":[1304,714,321],"class_list":["post-22580","post","type-post","status-publish","format-standard","hentry","category-belfold","category-egeszseg","category-szabadido","tag-jeg","tag-korcsolya","tag-veszely"],"_links":{"self":[{"href":"https:\/\/www.agriatv.hu\/index.php?rest_route=\/wp\/v2\/posts\/22580","targetHints":{"allow":["GET"]}}],"collection":[{"href":"https:\/\/www.agriatv.hu\/index.php?rest_route=\/wp\/v2\/posts"}],"about":[{"href":"https:\/\/www.agriatv.hu\/index.php?rest_route=\/wp\/v2\/types\/post"}],"author":[{"embeddable":true,"href":"https:\/\/www.agriatv.hu\/index.php?rest_route=\/wp\/v2\/users\/4"}],"replies":[{"embeddable":true,"href":"https:\/\/www.agriatv.hu\/index.php?rest_route=%2Fwp%2Fv2%2Fcomments&post=22580"}],"version-history":[{"count":1,"href":"https:\/\/www.agriatv.hu\/index.php?rest_route=\/wp\/v2\/posts\/22580\/revisions"}],"predecessor-version":[{"id":22582,"href":"https:\/\/www.agriatv.hu\/index.php?rest_route=\/wp\/v2\/posts\/22580\/revisions\/22582"}],"wp:attachment":[{"href":"https:\/\/www.agriatv.hu\/index.php?rest_route=%2Fwp%2Fv2%2Fmedia&parent=22580"}],"wp:term":[{"taxonomy":"category","embeddable":true,"href":"https:\/\/www.agriatv.hu\/index.php?rest_route=%2Fwp%2Fv2%2Fcategories&post=22580"},{"taxonomy":"post_tag","embeddable":true,"href":"https:\/\/www.agriatv.hu\/index.php?rest_route=%2Fwp%2Fv2%2Ftags&post=22580"}],"curies":[{"name":"wp","href":"https:\/\/api.w.org\/{rel}","templated":true}]}}