{"id":22583,"date":"2021-01-19T20:51:34","date_gmt":"2021-01-19T20:51:34","guid":{"rendered":"http:\/\/www.agriatv.hu\/?p=22583"},"modified":"2021-01-19T20:51:35","modified_gmt":"2021-01-19T20:51:35","slug":"karokkal-es-vascsovekkel-tamadtak","status":"publish","type":"post","link":"https:\/\/www.agriatv.hu\/?p=22583","title":{"rendered":"Kar\u00f3kkal \u00e9s vascs\u00f6vekkel t\u00e1madtak"},"content":{"rendered":"\n<div class=\"wp-block-image\"><figure class=\"alignleft size-large is-resized\"><a href=\"https:\/\/www.agriatv.hu\/wp-content\/uploads\/2021\/01\/100008101.325x183.jpg\"><img loading=\"lazy\" decoding=\"async\" src=\"https:\/\/www.agriatv.hu\/wp-content\/uploads\/2021\/01\/100008101.325x183.jpg\" alt=\"\" class=\"wp-image-22584\" width=\"215\" height=\"121\" srcset=\"https:\/\/www.agriatv.hu\/wp-content\/uploads\/2021\/01\/100008101.325x183.jpg 325w, https:\/\/www.agriatv.hu\/wp-content\/uploads\/2021\/01\/100008101.325x183-300x169.jpg 300w\" sizes=\"auto, (max-width: 215px) 100vw, 215px\" \/><\/a><\/figure><\/div>\n\n\n\n<p>Kar\u00f3kkal \u00e9s vascs\u00f6vekkel t\u00e1madt h\u00e9t f\u00e9rfi h\u00e1rom m\u00e1sikra \u00d3zd egyik k\u00fcls\u0151 r\u00e9sz\u00e9n. Egy kor\u00e1bbi vita miatt t\u00f6rt ki a t\u00f6megvereked\u00e9s, amiben ketten \u00e9letvesz\u00e9lyesen megs\u00e9r\u00fcltek. Egy k\u00f6zelben \u00e9l\u0151 n\u0151 nyilatkozott a T\u00e9nyeknek, azt mondta, hogy l\u00e1tta, amint megjelentek a f\u00e9rfiak, de ink\u00e1bb bement a h\u00e1zba. Csak k\u00e9s\u0151bb hallotta, hogy annyira \u00f6sszevert\u00e9k egym\u00e1st, hogy megjelentek a ment\u0151k \u00e9s a rend\u0151rs\u00e9g is.<\/p>\n\n\n\n<iframe loading=\"lazy\" width=\"640\" height=\"266\" src=\"https:\/\/tenyek.hu\/embed\/7212\" style=\"border:none;\" allowfullscreen allow=\"autoplay; fullscreen; picture-in-picture; xr-spatial-tracking; encrypted-media\"><\/iframe>\n","protected":false},"excerpt":{"rendered":"<p>Kar\u00f3kkal \u00e9s vascs\u00f6vekkel t\u00e1madt h\u00e9t f\u00e9rfi h\u00e1rom m\u00e1sikra \u00d3zd egyik k\u00fcls\u0151 r\u00e9sz\u00e9n. Egy kor\u00e1bbi vita miatt t\u00f6rt ki a t\u00f6megvereked\u00e9s, amiben ketten \u00e9letvesz\u00e9lyesen megs\u00e9r\u00fcltek. Egy k\u00f6zelben \u00e9l\u0151 n\u0151 nyilatkozott a T\u00e9nyeknek, azt mondta, hogy l\u00e1tta, amint megjelentek a f\u00e9rfiak, de ink\u00e1bb bement a h\u00e1zba. Csak k\u00e9s\u0151bb hallotta, hogy annyira \u00f6sszevert\u00e9k egym\u00e1st, hogy megjelentek a ment\u0151k [&#8230;]<\/p>\n","protected":false},"author":4,"featured_media":0,"comment_status":"open","ping_status":"closed","sticky":false,"template":"","format":"standard","meta":{"footnotes":""},"categories":[5],"tags":[1025,1181,122,458,3613,830],"class_list":["post-22583","post","type-post","status-publish","format-standard","hentry","category-kek-hirek","tag-eletveszely","tag-ozd","tag-rendorseg","tag-serult","tag-vascso","tag-verekedes"],"_links":{"self":[{"href":"https:\/\/www.agriatv.hu\/index.php?rest_route=\/wp\/v2\/posts\/22583","targetHints":{"allow":["GET"]}}],"collection":[{"href":"https:\/\/www.agriatv.hu\/index.php?rest_route=\/wp\/v2\/posts"}],"about":[{"href":"https:\/\/www.agriatv.hu\/index.php?rest_route=\/wp\/v2\/types\/post"}],"author":[{"embeddable":true,"href":"https:\/\/www.agriatv.hu\/index.php?rest_route=\/wp\/v2\/users\/4"}],"replies":[{"embeddable":true,"href":"https:\/\/www.agriatv.hu\/index.php?rest_route=%2Fwp%2Fv2%2Fcomments&post=22583"}],"version-history":[{"count":1,"href":"https:\/\/www.agriatv.hu\/index.php?rest_route=\/wp\/v2\/posts\/22583\/revisions"}],"predecessor-version":[{"id":22585,"href":"https:\/\/www.agriatv.hu\/index.php?rest_route=\/wp\/v2\/posts\/22583\/revisions\/22585"}],"wp:attachment":[{"href":"https:\/\/www.agriatv.hu\/index.php?rest_route=%2Fwp%2Fv2%2Fmedia&parent=22583"}],"wp:term":[{"taxonomy":"category","embeddable":true,"href":"https:\/\/www.agriatv.hu\/index.php?rest_route=%2Fwp%2Fv2%2Fcategories&post=22583"},{"taxonomy":"post_tag","embeddable":true,"href":"https:\/\/www.agriatv.hu\/index.php?rest_route=%2Fwp%2Fv2%2Ftags&post=22583"}],"curies":[{"name":"wp","href":"https:\/\/api.w.org\/{rel}","templated":true}]}}