{"id":22597,"date":"2021-01-23T18:40:12","date_gmt":"2021-01-23T18:40:12","guid":{"rendered":"http:\/\/www.agriatv.hu\/?p=22597"},"modified":"2021-01-23T18:40:12","modified_gmt":"2021-01-23T18:40:12","slug":"havazassal-hideggel-jon-ujra-a-tel","status":"publish","type":"post","link":"https:\/\/www.agriatv.hu\/?p=22597","title":{"rendered":"Havaz\u00e1ssal, hideggel j\u00f6n \u00fajra a t\u00e9l"},"content":{"rendered":"\n<div class=\"wp-block-image\"><figure class=\"alignleft size-large is-resized\"><a href=\"https:\/\/www.agriatv.hu\/wp-content\/uploads\/2021\/01\/100008511.325x183.jpg\"><img loading=\"lazy\" decoding=\"async\" src=\"https:\/\/www.agriatv.hu\/wp-content\/uploads\/2021\/01\/100008511.325x183.jpg\" alt=\"\" class=\"wp-image-22598\" width=\"238\" height=\"134\" srcset=\"https:\/\/www.agriatv.hu\/wp-content\/uploads\/2021\/01\/100008511.325x183.jpg 325w, https:\/\/www.agriatv.hu\/wp-content\/uploads\/2021\/01\/100008511.325x183-300x169.jpg 300w\" sizes=\"auto, (max-width: 238px) 100vw, 238px\" \/><\/a><\/figure><\/div>\n\n\n\n<p>Szakad\u00f3 es\u0151vel, k\u00f6ddel \u00e9rte el a hidegfront az orsz\u00e1g nyugati megy\u00e9it, m\u00e1sutt viszont m\u00e9g tavaszias id\u0151 volt, t\u00edz fok k\u00f6r\u00fcli h\u0151m\u00e9rs\u00e9klettel. Holnapt\u00f3l azonban ism\u00e9t t\u00e9liesre fordul az id\u0151. Meteorol\u00f3gusok szerint h\u00e9tf\u0151t\u0151l leh\u0171l\u00e9s \u00e9rkezik, szerd\u00e1ra ak\u00e1r -11 fok is lehet, majd ism\u00e9t felmeleged\u00e9s j\u00f6n. A nagy h\u0151ingadoz\u00e1s f\u0151leg az id\u0151s emberek szervezet\u00e9t terheli meg.<\/p>\n\n\n\n<iframe loading=\"lazy\" width=\"640\" height=\"266\" src=\"https:\/\/tenyek.hu\/embed\/7356\" style=\"border:none;\" allowfullscreen allow=\"autoplay; fullscreen; picture-in-picture; xr-spatial-tracking; encrypted-media\"><\/iframe>\n","protected":false},"excerpt":{"rendered":"<p>Szakad\u00f3 es\u0151vel, k\u00f6ddel \u00e9rte el a hidegfront az orsz\u00e1g nyugati megy\u00e9it, m\u00e1sutt viszont m\u00e9g tavaszias id\u0151 volt, t\u00edz fok k\u00f6r\u00fcli h\u0151m\u00e9rs\u00e9klettel. Holnapt\u00f3l azonban ism\u00e9t t\u00e9liesre fordul az id\u0151. Meteorol\u00f3gusok szerint h\u00e9tf\u0151t\u0151l leh\u0171l\u00e9s \u00e9rkezik, szerd\u00e1ra ak\u00e1r -11 fok is lehet, majd ism\u00e9t felmeleged\u00e9s j\u00f6n. A nagy h\u0151ingadoz\u00e1s f\u0151leg az id\u0151s emberek szervezet\u00e9t terheli meg.<\/p>\n","protected":false},"author":4,"featured_media":0,"comment_status":"open","ping_status":"closed","sticky":false,"template":"","format":"standard","meta":{"footnotes":""},"categories":[6,19,4],"tags":[892,872,899,1105,648],"class_list":["post-22597","post","type-post","status-publish","format-standard","hentry","category-belfold","category-egeszseg","category-szabadido","tag-hideg","tag-ho","tag-idojaras","tag-kirandulas","tag-tel"],"_links":{"self":[{"href":"https:\/\/www.agriatv.hu\/index.php?rest_route=\/wp\/v2\/posts\/22597","targetHints":{"allow":["GET"]}}],"collection":[{"href":"https:\/\/www.agriatv.hu\/index.php?rest_route=\/wp\/v2\/posts"}],"about":[{"href":"https:\/\/www.agriatv.hu\/index.php?rest_route=\/wp\/v2\/types\/post"}],"author":[{"embeddable":true,"href":"https:\/\/www.agriatv.hu\/index.php?rest_route=\/wp\/v2\/users\/4"}],"replies":[{"embeddable":true,"href":"https:\/\/www.agriatv.hu\/index.php?rest_route=%2Fwp%2Fv2%2Fcomments&post=22597"}],"version-history":[{"count":1,"href":"https:\/\/www.agriatv.hu\/index.php?rest_route=\/wp\/v2\/posts\/22597\/revisions"}],"predecessor-version":[{"id":22599,"href":"https:\/\/www.agriatv.hu\/index.php?rest_route=\/wp\/v2\/posts\/22597\/revisions\/22599"}],"wp:attachment":[{"href":"https:\/\/www.agriatv.hu\/index.php?rest_route=%2Fwp%2Fv2%2Fmedia&parent=22597"}],"wp:term":[{"taxonomy":"category","embeddable":true,"href":"https:\/\/www.agriatv.hu\/index.php?rest_route=%2Fwp%2Fv2%2Fcategories&post=22597"},{"taxonomy":"post_tag","embeddable":true,"href":"https:\/\/www.agriatv.hu\/index.php?rest_route=%2Fwp%2Fv2%2Ftags&post=22597"}],"curies":[{"name":"wp","href":"https:\/\/api.w.org\/{rel}","templated":true}]}}