{"id":22614,"date":"2021-01-28T19:18:53","date_gmt":"2021-01-28T19:18:53","guid":{"rendered":"http:\/\/www.agriatv.hu\/?p=22614"},"modified":"2021-01-28T19:18:54","modified_gmt":"2021-01-28T19:18:54","slug":"sullyal-verte-szet-neveloapja-fejet","status":"publish","type":"post","link":"https:\/\/www.agriatv.hu\/?p=22614","title":{"rendered":"S\u00fallyal verte sz\u00e9t nevel\u0151apja fej\u00e9t"},"content":{"rendered":"\n<div class=\"wp-block-image\"><figure class=\"alignleft size-large is-resized\"><a href=\"https:\/\/www.agriatv.hu\/wp-content\/uploads\/2021\/01\/100008986.325x183.jpg\"><img loading=\"lazy\" decoding=\"async\" src=\"https:\/\/www.agriatv.hu\/wp-content\/uploads\/2021\/01\/100008986.325x183.jpg\" alt=\"\" class=\"wp-image-22615\" width=\"232\" height=\"131\" srcset=\"https:\/\/www.agriatv.hu\/wp-content\/uploads\/2021\/01\/100008986.325x183.jpg 325w, https:\/\/www.agriatv.hu\/wp-content\/uploads\/2021\/01\/100008986.325x183-300x169.jpg 300w\" sizes=\"auto, (max-width: 232px) 100vw, 232px\" \/><\/a><\/figure><\/div>\n\n\n\n<p>Letart\u00f3ztatt\u00e1k azt a f\u00e9rfit, aki h\u00f3lap\u00e1ttal \u00e9s egy t\u00f6bb kilogrammos m\u00e9rlegs\u00fallyal verte agyon nevel\u0151apj\u00e1t B\u00e1rn\u00e1n. Az 58 \u00e9ves f\u00e9rfi egy csal\u00e1di vita k\u00f6zben t\u00e1madt a nyugd\u00edjasra, amikor nevel\u0151anyja v\u00e9delm\u00e9re kelt. El\u0151sz\u00f6r egy h\u00f3lap\u00e1ttal \u00fct\u00f6tte le a f\u00e9rfi, majd egy s\u00fallyal sz\u00e9tverte a fej\u00e9t, v\u00e9g\u00fcl a h\u00e1zuk melletti telken el\u00e1sta. A f\u00e9rfi beismerte az ember\u00f6l\u00e9st, az anya viszont k\u00f3rh\u00e1zban van, a helyiek szerint m\u00e9g most sem tud a gyilkoss\u00e1gr\u00f3l.<\/p>\n\n\n\n<iframe loading=\"lazy\" width=\"640\" height=\"266\" src=\"https:\/\/tenyek.hu\/embed\/7520\" style=\"border:none;\" allowfullscreen allow=\"autoplay; fullscreen; picture-in-picture; xr-spatial-tracking; encrypted-media\"><\/iframe>\n","protected":false},"excerpt":{"rendered":"<p>Letart\u00f3ztatt\u00e1k azt a f\u00e9rfit, aki h\u00f3lap\u00e1ttal \u00e9s egy t\u00f6bb kilogrammos m\u00e9rlegs\u00fallyal verte agyon nevel\u0151apj\u00e1t B\u00e1rn\u00e1n. Az 58 \u00e9ves f\u00e9rfi egy csal\u00e1di vita k\u00f6zben t\u00e1madt a nyugd\u00edjasra, amikor nevel\u0151anyja v\u00e9delm\u00e9re kelt. El\u0151sz\u00f6r egy h\u00f3lap\u00e1ttal \u00fct\u00f6tte le a f\u00e9rfi, majd egy s\u00fallyal sz\u00e9tverte a fej\u00e9t, v\u00e9g\u00fcl a h\u00e1zuk melletti telken el\u00e1sta. A f\u00e9rfi beismerte az ember\u00f6l\u00e9st, az [&#8230;]<\/p>\n","protected":false},"author":4,"featured_media":0,"comment_status":"open","ping_status":"closed","sticky":false,"template":"","format":"standard","meta":{"footnotes":""},"categories":[5],"tags":[3506,71,3619,1381,122,1796],"class_list":["post-22614","post","type-post","status-publish","format-standard","hentry","category-kek-hirek","tag-barna","tag-birosag","tag-emberoles-2","tag-letartoztatas","tag-rendorseg","tag-suly"],"_links":{"self":[{"href":"https:\/\/www.agriatv.hu\/index.php?rest_route=\/wp\/v2\/posts\/22614","targetHints":{"allow":["GET"]}}],"collection":[{"href":"https:\/\/www.agriatv.hu\/index.php?rest_route=\/wp\/v2\/posts"}],"about":[{"href":"https:\/\/www.agriatv.hu\/index.php?rest_route=\/wp\/v2\/types\/post"}],"author":[{"embeddable":true,"href":"https:\/\/www.agriatv.hu\/index.php?rest_route=\/wp\/v2\/users\/4"}],"replies":[{"embeddable":true,"href":"https:\/\/www.agriatv.hu\/index.php?rest_route=%2Fwp%2Fv2%2Fcomments&post=22614"}],"version-history":[{"count":1,"href":"https:\/\/www.agriatv.hu\/index.php?rest_route=\/wp\/v2\/posts\/22614\/revisions"}],"predecessor-version":[{"id":22616,"href":"https:\/\/www.agriatv.hu\/index.php?rest_route=\/wp\/v2\/posts\/22614\/revisions\/22616"}],"wp:attachment":[{"href":"https:\/\/www.agriatv.hu\/index.php?rest_route=%2Fwp%2Fv2%2Fmedia&parent=22614"}],"wp:term":[{"taxonomy":"category","embeddable":true,"href":"https:\/\/www.agriatv.hu\/index.php?rest_route=%2Fwp%2Fv2%2Fcategories&post=22614"},{"taxonomy":"post_tag","embeddable":true,"href":"https:\/\/www.agriatv.hu\/index.php?rest_route=%2Fwp%2Fv2%2Ftags&post=22614"}],"curies":[{"name":"wp","href":"https:\/\/api.w.org\/{rel}","templated":true}]}}