{"id":22716,"date":"2021-02-28T22:28:54","date_gmt":"2021-02-28T22:28:54","guid":{"rendered":"http:\/\/www.agriatv.hu\/?p=22716"},"modified":"2021-02-28T22:28:55","modified_gmt":"2021-02-28T22:28:55","slug":"hetvegen-meg-havazhat-az-orszagban","status":"publish","type":"post","link":"https:\/\/www.agriatv.hu\/?p=22716","title":{"rendered":"H\u00e9tv\u00e9g\u00e9n m\u00e9g havazhat az orsz\u00e1gban"},"content":{"rendered":"\n<div class=\"wp-block-image\"><figure class=\"alignleft size-large is-resized\"><a href=\"https:\/\/www.agriatv.hu\/wp-content\/uploads\/2021\/02\/t1-2.jpg\"><img loading=\"lazy\" decoding=\"async\" src=\"https:\/\/www.agriatv.hu\/wp-content\/uploads\/2021\/02\/t1-2-1024x515.jpg\" alt=\"\" class=\"wp-image-22717\" width=\"212\" height=\"106\" srcset=\"https:\/\/www.agriatv.hu\/wp-content\/uploads\/2021\/02\/t1-2-1024x515.jpg 1024w, https:\/\/www.agriatv.hu\/wp-content\/uploads\/2021\/02\/t1-2-300x151.jpg 300w, https:\/\/www.agriatv.hu\/wp-content\/uploads\/2021\/02\/t1-2-768x387.jpg 768w, https:\/\/www.agriatv.hu\/wp-content\/uploads\/2021\/02\/t1-2.jpg 1516w\" sizes=\"auto, (max-width: 212px) 100vw, 212px\" \/><\/a><\/figure><\/div>\n\n\n\n<p>Kir\u00e1ndultak, piknikeztek de p\u00e9ld\u00e1ul M\u00e1traszentistv\u00e1non m\u00e9g s\u00edeltek febru\u00e1r utols\u00f3 napj\u00e1n. A legt\u00f6bben kihaszn\u00e1lt\u00e1k a tavaszias, naps\u00fct\u00e9ses id\u0151t, hogy a szabadban mozogjanak. Az el\u0151rejelz\u00e9sek szerint tov\u00e1bb melegszik majd az id\u0151, cs\u00fct\u00f6rt\u00f6k\u00f6n p\u00e9ld\u00e1ul a 15 fokot is \u00fajra meghaladja majd a h\u0151m\u00e9rs\u00e9klet. Viszont nem lesz tart\u00f3s a meleg, p\u00e9ntekt\u0151l ism\u00e9t h\u0171v\u00f6sebb lesz, a hegyekben pedig m\u00e9g ak\u00e1r havazhat is majd.<\/p>\n\n\n\n<iframe loading=\"lazy\" width=\"640\" height=\"266\" src=\"https:\/\/tenyek.hu\/embed\/8511_hetvegen-meg-havazhat-az-orszagban\" style=\"border:none;\" allowfullscreen allow=\"autoplay; fullscreen; picture-in-picture; xr-spatial-tracking; encrypted-media\"><\/iframe>\n","protected":false},"excerpt":{"rendered":"<p>Kir\u00e1ndultak, piknikeztek de p\u00e9ld\u00e1ul M\u00e1traszentistv\u00e1non m\u00e9g s\u00edeltek febru\u00e1r utols\u00f3 napj\u00e1n. A legt\u00f6bben kihaszn\u00e1lt\u00e1k a tavaszias, naps\u00fct\u00e9ses id\u0151t, hogy a szabadban mozogjanak. Az el\u0151rejelz\u00e9sek szerint tov\u00e1bb melegszik majd az id\u0151, cs\u00fct\u00f6rt\u00f6k\u00f6n p\u00e9ld\u00e1ul a 15 fokot is \u00fajra meghaladja majd a h\u0151m\u00e9rs\u00e9klet. Viszont nem lesz tart\u00f3s a meleg, p\u00e9ntekt\u0151l ism\u00e9t h\u0171v\u00f6sebb lesz, a hegyekben pedig m\u00e9g ak\u00e1r [&#8230;]<\/p>\n","protected":false},"author":4,"featured_media":0,"comment_status":"open","ping_status":"closed","sticky":false,"template":"","format":"standard","meta":{"footnotes":""},"categories":[6,19,4],"tags":[872,1911,2600,3640,1542,988],"class_list":["post-22716","post","type-post","status-publish","format-standard","hentry","category-belfold","category-egeszseg","category-szabadido","tag-ho","tag-meleg","tag-napsutes","tag-piknik","tag-sipark","tag-tavasz"],"_links":{"self":[{"href":"https:\/\/www.agriatv.hu\/index.php?rest_route=\/wp\/v2\/posts\/22716","targetHints":{"allow":["GET"]}}],"collection":[{"href":"https:\/\/www.agriatv.hu\/index.php?rest_route=\/wp\/v2\/posts"}],"about":[{"href":"https:\/\/www.agriatv.hu\/index.php?rest_route=\/wp\/v2\/types\/post"}],"author":[{"embeddable":true,"href":"https:\/\/www.agriatv.hu\/index.php?rest_route=\/wp\/v2\/users\/4"}],"replies":[{"embeddable":true,"href":"https:\/\/www.agriatv.hu\/index.php?rest_route=%2Fwp%2Fv2%2Fcomments&post=22716"}],"version-history":[{"count":1,"href":"https:\/\/www.agriatv.hu\/index.php?rest_route=\/wp\/v2\/posts\/22716\/revisions"}],"predecessor-version":[{"id":22718,"href":"https:\/\/www.agriatv.hu\/index.php?rest_route=\/wp\/v2\/posts\/22716\/revisions\/22718"}],"wp:attachment":[{"href":"https:\/\/www.agriatv.hu\/index.php?rest_route=%2Fwp%2Fv2%2Fmedia&parent=22716"}],"wp:term":[{"taxonomy":"category","embeddable":true,"href":"https:\/\/www.agriatv.hu\/index.php?rest_route=%2Fwp%2Fv2%2Fcategories&post=22716"},{"taxonomy":"post_tag","embeddable":true,"href":"https:\/\/www.agriatv.hu\/index.php?rest_route=%2Fwp%2Fv2%2Ftags&post=22716"}],"curies":[{"name":"wp","href":"https:\/\/api.w.org\/{rel}","templated":true}]}}