{"id":22767,"date":"2021-03-15T19:02:04","date_gmt":"2021-03-15T19:02:04","guid":{"rendered":"http:\/\/www.agriatv.hu\/?p=22767"},"modified":"2021-03-15T19:02:04","modified_gmt":"2021-03-15T19:02:04","slug":"sokan-kirandultak-az-unnepen","status":"publish","type":"post","link":"https:\/\/www.agriatv.hu\/?p=22767","title":{"rendered":"Sokan kir\u00e1ndultak az \u00fcnnepen"},"content":{"rendered":"\n<div class=\"wp-block-image\"><figure class=\"alignleft size-large is-resized\"><a href=\"https:\/\/www.agriatv.hu\/wp-content\/uploads\/2021\/03\/k1-1.jpg\"><img loading=\"lazy\" decoding=\"async\" src=\"https:\/\/www.agriatv.hu\/wp-content\/uploads\/2021\/03\/k1-1-1024x510.jpg\" alt=\"\" class=\"wp-image-22768\" width=\"199\" height=\"98\" srcset=\"https:\/\/www.agriatv.hu\/wp-content\/uploads\/2021\/03\/k1-1-1024x510.jpg 1024w, https:\/\/www.agriatv.hu\/wp-content\/uploads\/2021\/03\/k1-1-300x149.jpg 300w, https:\/\/www.agriatv.hu\/wp-content\/uploads\/2021\/03\/k1-1-768x382.jpg 768w, https:\/\/www.agriatv.hu\/wp-content\/uploads\/2021\/03\/k1-1-1536x765.jpg 1536w, https:\/\/www.agriatv.hu\/wp-content\/uploads\/2021\/03\/k1-1.jpg 1557w\" sizes=\"auto, (max-width: 199px) 100vw, 199px\" \/><\/a><\/figure><\/div>\n\n\n\n<p>Megteltek l\u00e1togat\u00f3kkal a legn\u00e9pszer\u0171bb kir\u00e1ndul\u00f3helyek a hossz\u00fa h\u00e9tv\u00e9g\u00e9n. Nagyon f\u00fajt a sz\u00e9l K\u00e9kestet\u0151n, de ez sem tartotta vissza a kir\u00e1ndul\u00f3kat. Rengetegen t\u00f6lt\u00f6tt\u00e9k a szabadban a nemzeti \u00fcnnepet p\u00e9ld\u00e1ul Lillaf\u00fcreden is, ahol egy\u00e9bk\u00e9nt eg\u00e9sz nap bor\u00fas volt az id\u0151. A Balatonn\u00e1l azonban s\u00fct\u00f6tt nap, 10 fok k\u00f6r\u00fcl alakult a h\u0151m\u00e9rs\u00e9klet, amit nagyon \u00e9lveztek az emberek.<\/p>\n\n\n\n<iframe loading=\"lazy\" width=\"640\" height=\"266\" src=\"https:\/\/tenyek.hu\/embed\/8991_sokan-kirandultak-az-unnepen\" style=\"border:none;\" allowfullscreen=\"\" allow=\"autoplay; fullscreen; picture-in-picture; xr-spatial-tracking; encrypted-media\"><\/iframe>\n","protected":false},"excerpt":{"rendered":"<p>Megteltek l\u00e1togat\u00f3kkal a legn\u00e9pszer\u0171bb kir\u00e1ndul\u00f3helyek a hossz\u00fa h\u00e9tv\u00e9g\u00e9n. Nagyon f\u00fajt a sz\u00e9l K\u00e9kestet\u0151n, de ez sem tartotta vissza a kir\u00e1ndul\u00f3kat. Rengetegen t\u00f6lt\u00f6tt\u00e9k a szabadban a nemzeti \u00fcnnepet p\u00e9ld\u00e1ul Lillaf\u00fcreden is, ahol egy\u00e9bk\u00e9nt eg\u00e9sz nap bor\u00fas volt az id\u0151. A Balatonn\u00e1l azonban s\u00fct\u00f6tt nap, 10 fok k\u00f6r\u00fcl alakult a h\u0151m\u00e9rs\u00e9klet, amit nagyon \u00e9lveztek az emberek.<\/p>\n","protected":false},"author":4,"featured_media":0,"comment_status":"open","ping_status":"closed","sticky":false,"template":"","format":"standard","meta":{"footnotes":""},"categories":[6,19,4],"tags":[143,1869,1870,197,988],"class_list":["post-22767","post","type-post","status-publish","format-standard","hentry","category-belfold","category-egeszseg","category-szabadido","tag-egeszseg-2","tag-kekesteto","tag-kirandulo","tag-szel","tag-tavasz"],"_links":{"self":[{"href":"https:\/\/www.agriatv.hu\/index.php?rest_route=\/wp\/v2\/posts\/22767","targetHints":{"allow":["GET"]}}],"collection":[{"href":"https:\/\/www.agriatv.hu\/index.php?rest_route=\/wp\/v2\/posts"}],"about":[{"href":"https:\/\/www.agriatv.hu\/index.php?rest_route=\/wp\/v2\/types\/post"}],"author":[{"embeddable":true,"href":"https:\/\/www.agriatv.hu\/index.php?rest_route=\/wp\/v2\/users\/4"}],"replies":[{"embeddable":true,"href":"https:\/\/www.agriatv.hu\/index.php?rest_route=%2Fwp%2Fv2%2Fcomments&post=22767"}],"version-history":[{"count":2,"href":"https:\/\/www.agriatv.hu\/index.php?rest_route=\/wp\/v2\/posts\/22767\/revisions"}],"predecessor-version":[{"id":22770,"href":"https:\/\/www.agriatv.hu\/index.php?rest_route=\/wp\/v2\/posts\/22767\/revisions\/22770"}],"wp:attachment":[{"href":"https:\/\/www.agriatv.hu\/index.php?rest_route=%2Fwp%2Fv2%2Fmedia&parent=22767"}],"wp:term":[{"taxonomy":"category","embeddable":true,"href":"https:\/\/www.agriatv.hu\/index.php?rest_route=%2Fwp%2Fv2%2Fcategories&post=22767"},{"taxonomy":"post_tag","embeddable":true,"href":"https:\/\/www.agriatv.hu\/index.php?rest_route=%2Fwp%2Fv2%2Ftags&post=22767"}],"curies":[{"name":"wp","href":"https:\/\/api.w.org\/{rel}","templated":true}]}}