{"id":22785,"date":"2021-03-28T18:27:25","date_gmt":"2021-03-28T18:27:25","guid":{"rendered":"https:\/\/www.agriatv.hu\/?p=22785"},"modified":"2021-03-28T18:27:25","modified_gmt":"2021-03-28T18:27:25","slug":"gyerekeket-mutenek-a-trambulin-miatt","status":"publish","type":"post","link":"https:\/\/www.agriatv.hu\/?p=22785","title":{"rendered":"Gyerekeket m\u0171tenek a trambulin miatt"},"content":{"rendered":"\n<div class=\"wp-block-image\"><figure class=\"alignleft size-large is-resized\"><a href=\"https:\/\/www.agriatv.hu\/wp-content\/uploads\/2021\/03\/t1-2.jpg\"><img loading=\"lazy\" decoding=\"async\" src=\"https:\/\/www.agriatv.hu\/wp-content\/uploads\/2021\/03\/t1-2-1024x515.jpg\" alt=\"\" class=\"wp-image-22786\" width=\"186\" height=\"93\" srcset=\"https:\/\/www.agriatv.hu\/wp-content\/uploads\/2021\/03\/t1-2-1024x515.jpg 1024w, https:\/\/www.agriatv.hu\/wp-content\/uploads\/2021\/03\/t1-2-300x151.jpg 300w, https:\/\/www.agriatv.hu\/wp-content\/uploads\/2021\/03\/t1-2-768x386.jpg 768w, https:\/\/www.agriatv.hu\/wp-content\/uploads\/2021\/03\/t1-2.jpg 1516w\" sizes=\"auto, (max-width: 186px) 100vw, 186px\" \/><\/a><\/figure><\/div>\n\n\n\n<p>Betiltan\u00e1 egy gyerekseb\u00e9sz a trambulinokat, azt mondja az\u00e9rt, mert rengeteg gyerek megs\u00e9r\u00fcl ugr\u00e1l\u00e1s k\u00f6zben. Legt\u00f6bben a l\u00e1bukat t\u00f6rik, vagy a t\u00e9rd\u00fck, k\u00f6ny\u00f6k\u00fck s\u00e9r\u00fcl meg, \u00e9s t\u00f6bb \u00f3r\u00e1s m\u0171t\u00e9t v\u00e1r r\u00e1juk. Pedig \u00e9ppen most, a j\u00e1rv\u00e1ny miatt egyre t\u00f6bben vesznek trambulint, hogy a gyerekek a kertben mozoghassanak. Egy gy\u00f3gypedag\u00f3gus azt mondja, csak vigy\u00e1zni kell r\u00e1juk, am\u00edg a trambulinon ugr\u00e1lnak.<\/p>\n\n\n\n<iframe loading=\"lazy\" width=\"640\" height=\"266\" src=\"https:\/\/tenyek.hu\/embed\/9401_gyerekeket-mutenek-a-trambulin-miatt\" style=\"border:none;\" allowfullscreen allow=\"autoplay; fullscreen; picture-in-picture; xr-spatial-tracking; encrypted-media\"><\/iframe>\n","protected":false},"excerpt":{"rendered":"<p>Betiltan\u00e1 egy gyerekseb\u00e9sz a trambulinokat, azt mondja az\u00e9rt, mert rengeteg gyerek megs\u00e9r\u00fcl ugr\u00e1l\u00e1s k\u00f6zben. Legt\u00f6bben a l\u00e1bukat t\u00f6rik, vagy a t\u00e9rd\u00fck, k\u00f6ny\u00f6k\u00fck s\u00e9r\u00fcl meg, \u00e9s t\u00f6bb \u00f3r\u00e1s m\u0171t\u00e9t v\u00e1r r\u00e1juk. Pedig \u00e9ppen most, a j\u00e1rv\u00e1ny miatt egyre t\u00f6bben vesznek trambulint, hogy a gyerekek a kertben mozoghassanak. Egy gy\u00f3gypedag\u00f3gus azt mondja, csak vigy\u00e1zni kell r\u00e1juk, am\u00edg [&#8230;]<\/p>\n","protected":false},"author":4,"featured_media":0,"comment_status":"open","ping_status":"closed","sticky":false,"template":"","format":"standard","meta":{"footnotes":""},"categories":[6,19,4],"tags":[41,4417,3651,321],"class_list":["post-22785","post","type-post","status-publish","format-standard","hentry","category-belfold","category-egeszseg","category-szabadido","tag-baleset","tag-sport","tag-trambulin","tag-veszely"],"_links":{"self":[{"href":"https:\/\/www.agriatv.hu\/index.php?rest_route=\/wp\/v2\/posts\/22785","targetHints":{"allow":["GET"]}}],"collection":[{"href":"https:\/\/www.agriatv.hu\/index.php?rest_route=\/wp\/v2\/posts"}],"about":[{"href":"https:\/\/www.agriatv.hu\/index.php?rest_route=\/wp\/v2\/types\/post"}],"author":[{"embeddable":true,"href":"https:\/\/www.agriatv.hu\/index.php?rest_route=\/wp\/v2\/users\/4"}],"replies":[{"embeddable":true,"href":"https:\/\/www.agriatv.hu\/index.php?rest_route=%2Fwp%2Fv2%2Fcomments&post=22785"}],"version-history":[{"count":1,"href":"https:\/\/www.agriatv.hu\/index.php?rest_route=\/wp\/v2\/posts\/22785\/revisions"}],"predecessor-version":[{"id":22787,"href":"https:\/\/www.agriatv.hu\/index.php?rest_route=\/wp\/v2\/posts\/22785\/revisions\/22787"}],"wp:attachment":[{"href":"https:\/\/www.agriatv.hu\/index.php?rest_route=%2Fwp%2Fv2%2Fmedia&parent=22785"}],"wp:term":[{"taxonomy":"category","embeddable":true,"href":"https:\/\/www.agriatv.hu\/index.php?rest_route=%2Fwp%2Fv2%2Fcategories&post=22785"},{"taxonomy":"post_tag","embeddable":true,"href":"https:\/\/www.agriatv.hu\/index.php?rest_route=%2Fwp%2Fv2%2Ftags&post=22785"}],"curies":[{"name":"wp","href":"https:\/\/api.w.org\/{rel}","templated":true}]}}