{"id":22849,"date":"2021-04-08T06:27:51","date_gmt":"2021-04-08T06:27:51","guid":{"rendered":"https:\/\/www.agriatv.hu\/?p=22849"},"modified":"2021-04-08T06:27:51","modified_gmt":"2021-04-08T06:27:51","slug":"pentekig-marad-a-fagy-es-a-havazas","status":"publish","type":"post","link":"https:\/\/www.agriatv.hu\/?p=22849","title":{"rendered":"P\u00e9ntekig marad a fagy \u00e9s a havaz\u00e1s"},"content":{"rendered":"\n<div class=\"wp-block-image\"><figure class=\"alignleft is-resized\"><img loading=\"lazy\" decoding=\"async\" src=\"https:\/\/cdn.tenyek.hu\/media\/1\/19\/197036c8ab53f8a4607288cc81d474b9.jpg\" alt=\"Media player poster frame\" width=\"192\" height=\"107\"\/><\/figure><\/div>\n\n\n\n<h3 class=\"wp-block-heading\">Rekordk\u00f6zeli, -9 fokot m\u00e9rtek hajnalban Zabaron. Az \u00e1prilisi hideget \u00e9s havaz\u00e1st rengetegen kihaszn\u00e1lt\u00e1k, sokan m\u00e9g egy utols\u00f3t s\u00edeltek \u00e9s snowboardoztak M\u00e1traszentistv\u00e1non a cs\u00fct\u00f6rt\u00f6ki z\u00e1r\u00e1s el\u0151tt. A sarkvid\u00e9ki hideg viszont m\u00e9g cs\u00fct\u00f6rt\u00f6k hajnalig kitart, de nemsok\u00e1ra ism\u00e9t melegszik az id\u0151. Sokan ma szerd\u00e1n azt mondt\u00e1k, nagyon meg\u00e9rezt\u00e9k az elm\u00falt napokban a h\u0151ingadoz\u00e1st, volt, aki m\u00e9g keszty\u0171t is felvett a s\u00e9t\u00e1hoz.<\/h3>\n\n\n\n<iframe loading=\"lazy\" width=\"640\" height=\"266\" src=\"https:\/\/tenyek.hu\/embed\/9681_pentekig-marad-a-fagy-es-a-havazas\" style=\"border:none;\" allowfullscreen allow=\"autoplay; fullscreen; picture-in-picture; xr-spatial-tracking; encrypted-media\"><\/iframe>\n\n\n\n<p>N\u00e9hol h\u00f3z\u00e1porok, n\u00e9hol naps\u00fct\u00e9ses, enyhe tavaszias id\u0151. Ah\u00e1ny v\u00e1ros, annyif\u00e9le id\u0151 volt napk\u00f6zben az orsz\u00e1gban. Egy biztos, a fagyos hajnalok kitartanak a k\u00f6vetkez\u0151 napokban is, a gy\u00fcm\u00f6lcstermel\u0151k nagy bossz\u00fas\u00e1g\u00e1ra. A korai vir\u00e1gz\u00e1s\u00fa kajszi- \u00e9s \u0151szibarackf\u00e1k vir\u00e1gait ugyanis a m\u00ednuszok t\u00f6nkreteszik, de m\u00e1s fajt\u00e1knak sem tesz j\u00f3t a fagy. H\u00e9tv\u00e9g\u00e9n lesz \u00fajra meleg, tavaszi id\u0151.\u00a0<\/p>\n\n\n\n<div style=\"width: 100%; height: 0px; position: relative; padding-bottom: 56%;\"><iframe src=\"https:\/\/embed.rtl.hu\/embed\/1678947?autoplay=0\" frameborder=\"0\" allowfullscreen=\"true\" style=\"width: 100%; height: 100%; position: absolute;\"><\/iframe><\/div>\n","protected":false},"excerpt":{"rendered":"<p>Rekordk\u00f6zeli, -9 fokot m\u00e9rtek hajnalban Zabaron. Az \u00e1prilisi hideget \u00e9s havaz\u00e1st rengetegen kihaszn\u00e1lt\u00e1k, sokan m\u00e9g egy utols\u00f3t s\u00edeltek \u00e9s snowboardoztak M\u00e1traszentistv\u00e1non a cs\u00fct\u00f6rt\u00f6ki z\u00e1r\u00e1s el\u0151tt. A sarkvid\u00e9ki hideg viszont m\u00e9g cs\u00fct\u00f6rt\u00f6k hajnalig kitart, de nemsok\u00e1ra ism\u00e9t melegszik az id\u0151. Sokan ma szerd\u00e1n azt mondt\u00e1k, nagyon meg\u00e9rezt\u00e9k az elm\u00falt napokban a h\u0151ingadoz\u00e1st, volt, aki m\u00e9g keszty\u0171t [&#8230;]<\/p>\n","protected":false},"author":4,"featured_media":0,"comment_status":"open","ping_status":"closed","sticky":false,"template":"","format":"standard","meta":{"footnotes":""},"categories":[6,19,4],"tags":[1933,892,872,1888,988],"class_list":["post-22849","post","type-post","status-publish","format-standard","hentry","category-belfold","category-egeszseg","category-szabadido","tag-fagy","tag-hideg","tag-ho","tag-hoeses","tag-tavasz"],"_links":{"self":[{"href":"https:\/\/www.agriatv.hu\/index.php?rest_route=\/wp\/v2\/posts\/22849","targetHints":{"allow":["GET"]}}],"collection":[{"href":"https:\/\/www.agriatv.hu\/index.php?rest_route=\/wp\/v2\/posts"}],"about":[{"href":"https:\/\/www.agriatv.hu\/index.php?rest_route=\/wp\/v2\/types\/post"}],"author":[{"embeddable":true,"href":"https:\/\/www.agriatv.hu\/index.php?rest_route=\/wp\/v2\/users\/4"}],"replies":[{"embeddable":true,"href":"https:\/\/www.agriatv.hu\/index.php?rest_route=%2Fwp%2Fv2%2Fcomments&post=22849"}],"version-history":[{"count":1,"href":"https:\/\/www.agriatv.hu\/index.php?rest_route=\/wp\/v2\/posts\/22849\/revisions"}],"predecessor-version":[{"id":22850,"href":"https:\/\/www.agriatv.hu\/index.php?rest_route=\/wp\/v2\/posts\/22849\/revisions\/22850"}],"wp:attachment":[{"href":"https:\/\/www.agriatv.hu\/index.php?rest_route=%2Fwp%2Fv2%2Fmedia&parent=22849"}],"wp:term":[{"taxonomy":"category","embeddable":true,"href":"https:\/\/www.agriatv.hu\/index.php?rest_route=%2Fwp%2Fv2%2Fcategories&post=22849"},{"taxonomy":"post_tag","embeddable":true,"href":"https:\/\/www.agriatv.hu\/index.php?rest_route=%2Fwp%2Fv2%2Ftags&post=22849"}],"curies":[{"name":"wp","href":"https:\/\/api.w.org\/{rel}","templated":true}]}}