{"id":22999,"date":"2021-05-20T18:40:09","date_gmt":"2021-05-20T18:40:09","guid":{"rendered":"https:\/\/www.agriatv.hu\/?p=22999"},"modified":"2021-05-20T18:40:09","modified_gmt":"2021-05-20T18:40:09","slug":"utakat-zartak-le-az-aradas-miatt","status":"publish","type":"post","link":"https:\/\/www.agriatv.hu\/?p=22999","title":{"rendered":"Utakat z\u00e1rtak le az \u00e1rad\u00e1s miatt"},"content":{"rendered":"\n<div class=\"wp-block-image\"><figure class=\"alignleft size-large is-resized\"><a href=\"https:\/\/www.agriatv.hu\/wp-content\/uploads\/2021\/05\/u1.jpg\"><img loading=\"lazy\" decoding=\"async\" src=\"https:\/\/www.agriatv.hu\/wp-content\/uploads\/2021\/05\/u1-1024x505.jpg\" alt=\"\" class=\"wp-image-23000\" width=\"244\" height=\"120\" srcset=\"https:\/\/www.agriatv.hu\/wp-content\/uploads\/2021\/05\/u1-1024x505.jpg 1024w, https:\/\/www.agriatv.hu\/wp-content\/uploads\/2021\/05\/u1-300x148.jpg 300w, https:\/\/www.agriatv.hu\/wp-content\/uploads\/2021\/05\/u1-768x379.jpg 768w, https:\/\/www.agriatv.hu\/wp-content\/uploads\/2021\/05\/u1-1536x758.jpg 1536w, https:\/\/www.agriatv.hu\/wp-content\/uploads\/2021\/05\/u1.jpg 1544w\" sizes=\"auto, (max-width: 244px) 100vw, 244px\" \/><\/a><\/figure><\/div>\n\n\n\n<p>T\u00f6bb utat is le kellett z\u00e1rni Borsodban, mert meg\u00e1radt a Hern\u00e1d \u00e9s a Saj\u00f3. De az es\u0151z\u00e9s miatt f\u00f6ldcsuszaml\u00e1s volt M\u00e1trakeresztesn\u00e9l is, ami elz\u00e1rta az utat. A foly\u00f3k \u00e1rad\u00e1sa miatt t\u00f6bb borsodi telep\u00fcl\u00e9sen is att\u00f3l tartanak, hogy k\u00e9s\u0151bb a belv\u00edz el\u00e1rasztja majd a kertj\u00fcket \u00e9s a pinc\u00e9j\u00fcket is. A k\u00e1r m\u00e1r most jelent\u0151s.<\/p>\n\n\n\n<div style=\"width: 100%; height: 0px; position: relative; padding-bottom: 56%;\"><iframe src=\"https:\/\/tenyek.hu\/embed\/11022_utakat-zartak-le-az-aradas-miatt-1\" frameborder=\"0\" allowfullscreen=\"true\" style=\"width: 100%; height: 100%; position: absolute;\"><\/iframe><\/div>\n","protected":false},"excerpt":{"rendered":"<p>T\u00f6bb utat is le kellett z\u00e1rni Borsodban, mert meg\u00e1radt a Hern\u00e1d \u00e9s a Saj\u00f3. De az es\u0151z\u00e9s miatt f\u00f6ldcsuszaml\u00e1s volt M\u00e1trakeresztesn\u00e9l is, ami elz\u00e1rta az utat. A foly\u00f3k \u00e1rad\u00e1sa miatt t\u00f6bb borsodi telep\u00fcl\u00e9sen is att\u00f3l tartanak, hogy k\u00e9s\u0151bb a belv\u00edz el\u00e1rasztja majd a kertj\u00fcket \u00e9s a pinc\u00e9j\u00fcket is. A k\u00e1r m\u00e1r most jelent\u0151s.<\/p>\n","protected":false},"author":4,"featured_media":0,"comment_status":"open","ping_status":"closed","sticky":false,"template":"","format":"standard","meta":{"footnotes":""},"categories":[6],"tags":[1438,2019,1215,649],"class_list":["post-22999","post","type-post","status-publish","format-standard","hentry","category-belfold","tag-akadaly","tag-aradas","tag-eso","tag-ut"],"_links":{"self":[{"href":"https:\/\/www.agriatv.hu\/index.php?rest_route=\/wp\/v2\/posts\/22999","targetHints":{"allow":["GET"]}}],"collection":[{"href":"https:\/\/www.agriatv.hu\/index.php?rest_route=\/wp\/v2\/posts"}],"about":[{"href":"https:\/\/www.agriatv.hu\/index.php?rest_route=\/wp\/v2\/types\/post"}],"author":[{"embeddable":true,"href":"https:\/\/www.agriatv.hu\/index.php?rest_route=\/wp\/v2\/users\/4"}],"replies":[{"embeddable":true,"href":"https:\/\/www.agriatv.hu\/index.php?rest_route=%2Fwp%2Fv2%2Fcomments&post=22999"}],"version-history":[{"count":1,"href":"https:\/\/www.agriatv.hu\/index.php?rest_route=\/wp\/v2\/posts\/22999\/revisions"}],"predecessor-version":[{"id":23001,"href":"https:\/\/www.agriatv.hu\/index.php?rest_route=\/wp\/v2\/posts\/22999\/revisions\/23001"}],"wp:attachment":[{"href":"https:\/\/www.agriatv.hu\/index.php?rest_route=%2Fwp%2Fv2%2Fmedia&parent=22999"}],"wp:term":[{"taxonomy":"category","embeddable":true,"href":"https:\/\/www.agriatv.hu\/index.php?rest_route=%2Fwp%2Fv2%2Fcategories&post=22999"},{"taxonomy":"post_tag","embeddable":true,"href":"https:\/\/www.agriatv.hu\/index.php?rest_route=%2Fwp%2Fv2%2Ftags&post=22999"}],"curies":[{"name":"wp","href":"https:\/\/api.w.org\/{rel}","templated":true}]}}