{"id":23005,"date":"2021-05-21T17:30:07","date_gmt":"2021-05-21T17:30:07","guid":{"rendered":"https:\/\/www.agriatv.hu\/?p=23005"},"modified":"2021-05-21T17:31:13","modified_gmt":"2021-05-21T17:31:13","slug":"23005","status":"publish","type":"post","link":"https:\/\/www.agriatv.hu\/?p=23005","title":{"rendered":"Startra k\u00e9szen a rendezv\u00e9nyek"},"content":{"rendered":"\n<div class=\"wp-block-image\"><figure class=\"alignleft size-large is-resized\"><a href=\"https:\/\/www.agriatv.hu\/wp-content\/uploads\/2021\/05\/r1.jpg\"><img loading=\"lazy\" decoding=\"async\" src=\"https:\/\/www.agriatv.hu\/wp-content\/uploads\/2021\/05\/r1-1024x516.jpg\" alt=\"\" class=\"wp-image-23006\" width=\"218\" height=\"110\" srcset=\"https:\/\/www.agriatv.hu\/wp-content\/uploads\/2021\/05\/r1-1024x516.jpg 1024w, https:\/\/www.agriatv.hu\/wp-content\/uploads\/2021\/05\/r1-300x151.jpg 300w, https:\/\/www.agriatv.hu\/wp-content\/uploads\/2021\/05\/r1-768x387.jpg 768w, https:\/\/www.agriatv.hu\/wp-content\/uploads\/2021\/05\/r1-1536x774.jpg 1536w, https:\/\/www.agriatv.hu\/wp-content\/uploads\/2021\/05\/r1.jpg 1552w\" sizes=\"auto, (max-width: 218px) 100vw, 218px\" \/><\/a><\/figure><\/div>\n\n\n\n<p>A korm\u00e1ny a rendezv\u00e9nyek korl\u00e1toz\u00e1s\u00e1n is jelent\u0151sen enyh\u00edtett, de lehet lakodalmakat tartani \u00e9s a moziba j\u00e1r\u00e1s szab\u00e1lyai is v\u00e1ltoztak. A zen\u00e9szek, esk\u00fcv\u0151szervez\u0151k azt mondj\u00e1k, m\u00e1r nagyon v\u00e1rtak a hamarosan \u00e9letbe l\u00e9p\u0151 enyh\u00edt\u00e9sekre, fell\u00e9p\u00e9seket, bulikat k\u00f6tnek le.<\/p>\n\n\n\n<div style=\"width: 100%; height: 0px; position: relative; padding-bottom: 56%;\"><iframe src=\"https:\/\/tenyek.hu\/embed\/11055_startra-keszen-a-rendezvenyek\" frameborder=\"0\" allowfullscreen=\"true\" style=\"width: 100%; height: 100%; position: absolute;\"><\/iframe><\/div>\n","protected":false},"excerpt":{"rendered":"<p>A korm\u00e1ny a rendezv\u00e9nyek korl\u00e1toz\u00e1s\u00e1n is jelent\u0151sen enyh\u00edtett, de lehet lakodalmakat tartani \u00e9s a moziba j\u00e1r\u00e1s szab\u00e1lyai is v\u00e1ltoztak. A zen\u00e9szek, esk\u00fcv\u0151szervez\u0151k azt mondj\u00e1k, m\u00e1r nagyon v\u00e1rtak a hamarosan \u00e9letbe l\u00e9p\u0151 enyh\u00edt\u00e9sekre, fell\u00e9p\u00e9seket, bulikat k\u00f6tnek le.<\/p>\n","protected":false},"author":4,"featured_media":0,"comment_status":"open","ping_status":"closed","sticky":false,"template":"","format":"standard","meta":{"footnotes":""},"categories":[6,8,4],"tags":[935,3684,2511,3683,989],"class_list":["post-23005","post","type-post","status-publish","format-standard","hentry","category-belfold","category-kultura","category-szabadido","tag-buli","tag-enyhites","tag-eskuvo","tag-fellepes","tag-rendezveny"],"_links":{"self":[{"href":"https:\/\/www.agriatv.hu\/index.php?rest_route=\/wp\/v2\/posts\/23005","targetHints":{"allow":["GET"]}}],"collection":[{"href":"https:\/\/www.agriatv.hu\/index.php?rest_route=\/wp\/v2\/posts"}],"about":[{"href":"https:\/\/www.agriatv.hu\/index.php?rest_route=\/wp\/v2\/types\/post"}],"author":[{"embeddable":true,"href":"https:\/\/www.agriatv.hu\/index.php?rest_route=\/wp\/v2\/users\/4"}],"replies":[{"embeddable":true,"href":"https:\/\/www.agriatv.hu\/index.php?rest_route=%2Fwp%2Fv2%2Fcomments&post=23005"}],"version-history":[{"count":2,"href":"https:\/\/www.agriatv.hu\/index.php?rest_route=\/wp\/v2\/posts\/23005\/revisions"}],"predecessor-version":[{"id":23008,"href":"https:\/\/www.agriatv.hu\/index.php?rest_route=\/wp\/v2\/posts\/23005\/revisions\/23008"}],"wp:attachment":[{"href":"https:\/\/www.agriatv.hu\/index.php?rest_route=%2Fwp%2Fv2%2Fmedia&parent=23005"}],"wp:term":[{"taxonomy":"category","embeddable":true,"href":"https:\/\/www.agriatv.hu\/index.php?rest_route=%2Fwp%2Fv2%2Fcategories&post=23005"},{"taxonomy":"post_tag","embeddable":true,"href":"https:\/\/www.agriatv.hu\/index.php?rest_route=%2Fwp%2Fv2%2Ftags&post=23005"}],"curies":[{"name":"wp","href":"https:\/\/api.w.org\/{rel}","templated":true}]}}