{"id":23027,"date":"2021-06-06T18:07:45","date_gmt":"2021-06-06T18:07:45","guid":{"rendered":"https:\/\/www.agriatv.hu\/?p=23027"},"modified":"2021-06-06T18:07:46","modified_gmt":"2021-06-06T18:07:46","slug":"lapattal-ment-verekedni-apa-es-fia","status":"publish","type":"post","link":"https:\/\/www.agriatv.hu\/?p=23027","title":{"rendered":"Lap\u00e1ttal ment verekedni apa \u00e9s fia"},"content":{"rendered":"\n<div class=\"wp-block-image\"><figure class=\"alignleft size-large is-resized\"><a href=\"https:\/\/www.agriatv.hu\/wp-content\/uploads\/2021\/06\/h1.jpg\"><img loading=\"lazy\" decoding=\"async\" src=\"https:\/\/www.agriatv.hu\/wp-content\/uploads\/2021\/06\/h1-1024x519.jpg\" alt=\"\" class=\"wp-image-23028\" width=\"230\" height=\"116\" srcset=\"https:\/\/www.agriatv.hu\/wp-content\/uploads\/2021\/06\/h1-1024x519.jpg 1024w, https:\/\/www.agriatv.hu\/wp-content\/uploads\/2021\/06\/h1-300x152.jpg 300w, https:\/\/www.agriatv.hu\/wp-content\/uploads\/2021\/06\/h1-768x389.jpg 768w, https:\/\/www.agriatv.hu\/wp-content\/uploads\/2021\/06\/h1.jpg 1526w\" sizes=\"auto, (max-width: 230px) 100vw, 230px\" \/><\/a><\/figure><\/div>\n\n\n\n<p>Hatalmas t\u00f6megvereked\u00e9s, negyven ember esett egym\u00e1snak Hevesen. Egy apa \u00e9s 17 \u00e9ves fia lap\u00e1ttal \u00e9s szersz\u00e1mny\u00e9llel felfegyverkezve indult a haragos\u00e1hoz, a veszeked\u00e9sb\u0151l vereked\u00e9s lett, egy id\u0151 ut\u00e1n egyre t\u00f6bben rohantak oda \u00e9s bekapcsol\u00f3dtak. Egy helyi f\u00e9rfi szerint k\u00e1rty\u00e1n vesztek \u00f6ssze fiatalok, de a v\u00e9g\u00e9n mindenki \u00fct\u00f6tt mindenkit. A rend\u0151r\u00f6k az ap\u00e1t \u00e9s a fi\u00e1t is bevitt\u00e9k.<\/p>\n\n\n\n<div style=\"width: 100%; height: 0px; position: relative; padding-bottom: 56%;\"><iframe src=\"https:\/\/tenyek.hu\/embed\/11533_lapattal-ment-verekedni-apa-es-fia\" frameborder=\"0\" allowfullscreen=\"true\" style=\"width: 100%; height: 100%; position: absolute;\"><\/iframe><\/div>\n","protected":false},"excerpt":{"rendered":"<p>Hatalmas t\u00f6megvereked\u00e9s, negyven ember esett egym\u00e1snak Hevesen. Egy apa \u00e9s 17 \u00e9ves fia lap\u00e1ttal \u00e9s szersz\u00e1mny\u00e9llel felfegyverkezve indult a haragos\u00e1hoz, a veszeked\u00e9sb\u0151l vereked\u00e9s lett, egy id\u0151 ut\u00e1n egyre t\u00f6bben rohantak oda \u00e9s bekapcsol\u00f3dtak. Egy helyi f\u00e9rfi szerint k\u00e1rty\u00e1n vesztek \u00f6ssze fiatalok, de a v\u00e9g\u00e9n mindenki \u00fct\u00f6tt mindenkit. A rend\u0151r\u00f6k az ap\u00e1t \u00e9s a fi\u00e1t is [&#8230;]<\/p>\n","protected":false},"author":4,"featured_media":0,"comment_status":"open","ping_status":"closed","sticky":false,"template":"","format":"standard","meta":{"footnotes":""},"categories":[5],"tags":[3326,237,2663,122,1263,830],"class_list":["post-23027","post","type-post","status-publish","format-standard","hentry","category-kek-hirek","tag-haragos","tag-heves","tag-lapat","tag-rendorseg","tag-serules","tag-verekedes"],"_links":{"self":[{"href":"https:\/\/www.agriatv.hu\/index.php?rest_route=\/wp\/v2\/posts\/23027","targetHints":{"allow":["GET"]}}],"collection":[{"href":"https:\/\/www.agriatv.hu\/index.php?rest_route=\/wp\/v2\/posts"}],"about":[{"href":"https:\/\/www.agriatv.hu\/index.php?rest_route=\/wp\/v2\/types\/post"}],"author":[{"embeddable":true,"href":"https:\/\/www.agriatv.hu\/index.php?rest_route=\/wp\/v2\/users\/4"}],"replies":[{"embeddable":true,"href":"https:\/\/www.agriatv.hu\/index.php?rest_route=%2Fwp%2Fv2%2Fcomments&post=23027"}],"version-history":[{"count":1,"href":"https:\/\/www.agriatv.hu\/index.php?rest_route=\/wp\/v2\/posts\/23027\/revisions"}],"predecessor-version":[{"id":23029,"href":"https:\/\/www.agriatv.hu\/index.php?rest_route=\/wp\/v2\/posts\/23027\/revisions\/23029"}],"wp:attachment":[{"href":"https:\/\/www.agriatv.hu\/index.php?rest_route=%2Fwp%2Fv2%2Fmedia&parent=23027"}],"wp:term":[{"taxonomy":"category","embeddable":true,"href":"https:\/\/www.agriatv.hu\/index.php?rest_route=%2Fwp%2Fv2%2Fcategories&post=23027"},{"taxonomy":"post_tag","embeddable":true,"href":"https:\/\/www.agriatv.hu\/index.php?rest_route=%2Fwp%2Fv2%2Ftags&post=23027"}],"curies":[{"name":"wp","href":"https:\/\/api.w.org\/{rel}","templated":true}]}}