{"id":23058,"date":"2021-06-14T18:25:04","date_gmt":"2021-06-14T18:25:04","guid":{"rendered":"https:\/\/www.agriatv.hu\/?p=23058"},"modified":"2021-06-14T18:25:05","modified_gmt":"2021-06-14T18:25:05","slug":"oten-serultek-a-frontalis-balesetben","status":"publish","type":"post","link":"https:\/\/www.agriatv.hu\/?p=23058","title":{"rendered":"\u00d6ten s\u00e9r\u00fcltek a front\u00e1lis balesetben"},"content":{"rendered":"\n<div class=\"wp-block-image\"><figure class=\"alignleft size-large is-resized\"><a href=\"https:\/\/www.agriatv.hu\/wp-content\/uploads\/2021\/06\/b1-1.jpg\"><img loading=\"lazy\" decoding=\"async\" src=\"https:\/\/www.agriatv.hu\/wp-content\/uploads\/2021\/06\/b1-1-1024x528.jpg\" alt=\"\" class=\"wp-image-23059\" width=\"243\" height=\"125\" srcset=\"https:\/\/www.agriatv.hu\/wp-content\/uploads\/2021\/06\/b1-1-1024x528.jpg 1024w, https:\/\/www.agriatv.hu\/wp-content\/uploads\/2021\/06\/b1-1-300x155.jpg 300w, https:\/\/www.agriatv.hu\/wp-content\/uploads\/2021\/06\/b1-1-768x396.jpg 768w, https:\/\/www.agriatv.hu\/wp-content\/uploads\/2021\/06\/b1-1.jpg 1515w\" sizes=\"auto, (max-width: 243px) 100vw, 243px\" \/><\/a><\/figure><\/div>\n\n\n\n<p>\u00d6ten s\u00e9r\u00fcltek meg abban a balesetben, amelyik Borsodn\u00e1dasd k\u00f6zel\u00e9ben t\u00f6rt\u00e9nt. Egy jobbra \u00edvel\u0151 kanyarban a sof\u0151r elvesz\u00edtette uralm\u00e1t az aut\u00f3 felett \u00e9s \u00e1tt\u00e9rt a szembes\u00e1vba, ahol front\u00e1lisan \u00fctk\u00f6z\u00f6tt a szembej\u00f6v\u0151vel. A sof\u0151r\u00f6ket csak a t\u0171zolt\u00f3k tudt\u00e1k kiszabad\u00edtani a roncsokb\u00f3l. \u0150ket a ment\u0151k k\u00f3rh\u00e1zba vitt\u00e9k. Szerencsn\u00e9l pedig patakba sodr\u00f3dott egy szem\u00e9lyaut\u00f3. A f\u00e9rfi ki tudott m\u00e1szni a roncsb\u00f3l, de a kocsij\u00e1t csak daruval tudt\u00e1k kiemelni.<\/p>\n\n\n\n<div style=\"width: 100%; height: 0px; position: relative; padding-bottom: 56%;\"><iframe src=\"https:\/\/tenyek.hu\/embed\/11785_oten-serultek-a-frontalis-balesetben\" frameborder=\"0\" allowfullscreen=\"true\" style=\"width: 100%; height: 100%; position: absolute;\"><\/iframe><\/div>\n","protected":false},"excerpt":{"rendered":"<p>\u00d6ten s\u00e9r\u00fcltek meg abban a balesetben, amelyik Borsodn\u00e1dasd k\u00f6zel\u00e9ben t\u00f6rt\u00e9nt. Egy jobbra \u00edvel\u0151 kanyarban a sof\u0151r elvesz\u00edtette uralm\u00e1t az aut\u00f3 felett \u00e9s \u00e1tt\u00e9rt a szembes\u00e1vba, ahol front\u00e1lisan \u00fctk\u00f6z\u00f6tt a szembej\u00f6v\u0151vel. A sof\u0151r\u00f6ket csak a t\u0171zolt\u00f3k tudt\u00e1k kiszabad\u00edtani a roncsokb\u00f3l. \u0150ket a ment\u0151k k\u00f3rh\u00e1zba vitt\u00e9k. Szerencsn\u00e9l pedig patakba sodr\u00f3dott egy szem\u00e9lyaut\u00f3. A f\u00e9rfi ki tudott m\u00e1szni [&#8230;]<\/p>\n","protected":false},"author":4,"featured_media":0,"comment_status":"open","ping_status":"closed","sticky":false,"template":"","format":"standard","meta":{"footnotes":""},"categories":[5],"tags":[41,1993,796,1779,122,161],"class_list":["post-23058","post","type-post","status-publish","format-standard","hentry","category-kek-hirek","tag-baleset","tag-borsodnadasd","tag-frontalis","tag-kanyar","tag-rendorseg","tag-tuzolto"],"_links":{"self":[{"href":"https:\/\/www.agriatv.hu\/index.php?rest_route=\/wp\/v2\/posts\/23058","targetHints":{"allow":["GET"]}}],"collection":[{"href":"https:\/\/www.agriatv.hu\/index.php?rest_route=\/wp\/v2\/posts"}],"about":[{"href":"https:\/\/www.agriatv.hu\/index.php?rest_route=\/wp\/v2\/types\/post"}],"author":[{"embeddable":true,"href":"https:\/\/www.agriatv.hu\/index.php?rest_route=\/wp\/v2\/users\/4"}],"replies":[{"embeddable":true,"href":"https:\/\/www.agriatv.hu\/index.php?rest_route=%2Fwp%2Fv2%2Fcomments&post=23058"}],"version-history":[{"count":1,"href":"https:\/\/www.agriatv.hu\/index.php?rest_route=\/wp\/v2\/posts\/23058\/revisions"}],"predecessor-version":[{"id":23060,"href":"https:\/\/www.agriatv.hu\/index.php?rest_route=\/wp\/v2\/posts\/23058\/revisions\/23060"}],"wp:attachment":[{"href":"https:\/\/www.agriatv.hu\/index.php?rest_route=%2Fwp%2Fv2%2Fmedia&parent=23058"}],"wp:term":[{"taxonomy":"category","embeddable":true,"href":"https:\/\/www.agriatv.hu\/index.php?rest_route=%2Fwp%2Fv2%2Fcategories&post=23058"},{"taxonomy":"post_tag","embeddable":true,"href":"https:\/\/www.agriatv.hu\/index.php?rest_route=%2Fwp%2Fv2%2Ftags&post=23058"}],"curies":[{"name":"wp","href":"https:\/\/api.w.org\/{rel}","templated":true}]}}