{"id":23071,"date":"2021-06-16T20:27:09","date_gmt":"2021-06-16T20:27:09","guid":{"rendered":"https:\/\/www.agriatv.hu\/?p=23071"},"modified":"2021-06-16T20:27:10","modified_gmt":"2021-06-16T20:27:10","slug":"mar-ejjel-is-furdozhetunk-az-egri-strandon","status":"publish","type":"post","link":"https:\/\/www.agriatv.hu\/?p=23071","title":{"rendered":"M\u00e1r \u00e9jjel is f\u00fcrd\u0151zhet\u00fcnk az egri strandon"},"content":{"rendered":"\n<div class=\"wp-block-image\"><figure class=\"alignleft size-large is-resized\"><a href=\"https:\/\/www.agriatv.hu\/wp-content\/uploads\/2021\/06\/f.jpg\"><img loading=\"lazy\" decoding=\"async\" src=\"https:\/\/www.agriatv.hu\/wp-content\/uploads\/2021\/06\/f-1024x576.jpg\" alt=\"\" class=\"wp-image-23072\" width=\"179\" height=\"100\" srcset=\"https:\/\/www.agriatv.hu\/wp-content\/uploads\/2021\/06\/f-1024x576.jpg 1024w, https:\/\/www.agriatv.hu\/wp-content\/uploads\/2021\/06\/f-300x169.jpg 300w, https:\/\/www.agriatv.hu\/wp-content\/uploads\/2021\/06\/f-768x432.jpg 768w, https:\/\/www.agriatv.hu\/wp-content\/uploads\/2021\/06\/f-1536x864.jpg 1536w, https:\/\/www.agriatv.hu\/wp-content\/uploads\/2021\/06\/f.jpg 1920w\" sizes=\"auto, (max-width: 179px) 100vw, 179px\" \/><\/a><\/figure><\/div>\n\n\n\n<p>E h\u00e9tv\u00e9g\u00e9t\u0151l szeptember elej\u00e9ig \u00e9jszakai f\u00fcrd\u0151z\u00e9sre ny\u00edlik lehet\u0151s\u00e9g p\u00e9ntekenk\u00e9nt \u00e9s szombatonk\u00e9nt az \u00adegri strandon.<\/p>\n\n\n\n<p>A t\u00e9m\u00e1ban tartott szerdai sajt\u00f3t\u00e1j\u00e9koztat\u00f3n Mirk\u00f3czki \u00c1d\u00e1m polg\u00e1rmester elmondta, a korm\u00e1nyzatt\u00f3l kapott 825 milli\u00f3 forintos kompenz\u00e1ci\u00f3b\u00f3l els\u0151k\u00e9nt a v\u00e1rosi c\u00e9gek \u00e9s int\u00e9zm\u00e9nyek helyzet\u00e9t konszolid\u00e1lt\u00e1k, de emellett k\u00fcl\u00f6nb\u00f6z\u0151 rendezv\u00e9nyek m\u00f6g\u00e9 is be\u00e1lltak.<\/p>\n\n\n\n<iframe loading=\"lazy\" width=\"560\" height=\"315\" src=\"https:\/\/www.youtube.com\/embed\/s2pTKMT3vk8\" title=\"YouTube video player\" frameborder=\"0\" allow=\"accelerometer; autoplay; clipboard-write; encrypted-media; gyroscope; picture-in-picture\" allowfullscreen><\/iframe>\n\n\n\n<p>\u2013 K\u00eds\u00e9rleti jelleggel tavaly augusztusban m\u00e1r volt hasonl\u00f3 program, most ez minden h\u00e9tv\u00e9g\u00e9n megval\u00f3sul \u2013 tette hozz\u00e1.<br \/>Ber\u00e9nyi Tam\u00e1s, az Agria Film Kft. \u00fcgyvezet\u0151 igazgat\u00f3ja azt hangs\u00falyozta, minden koroszt\u00e1ly megtal\u00e1lja a sz\u00f3rakoz\u00e1si lehet\u0151s\u00e9get.<br \/>\u2013 P\u00e9ntekenk\u00e9nt filmvet\u00edt\u00e9ssel, szombatonk\u00e9nt pedig \u00e9l\u0151 zen\u00e9vel v\u00e1rjuk a vend\u00e9geket. K\u00e9t medenc\u00e9ben lehet \u00e9lvezni az el\u0151ad\u00e1sokat, valamint a m\u0171sort, de n\u00e9h\u00e1ny alkalommal l\u00e9zershow-val s v\u00edzf\u00fcgg\u00f6nyre vet\u00edtett l\u00e1tv\u00e1nyelemekkel is k\u00e9sz\u00fcl\u00fcnk \u2013 h\u00fazta al\u00e1. Beresny\u00e1k Gyula, Eger Term\u00e1l Kft. \u00fcgyvezet\u0151je hozz\u00e1f\u0171zte, a kor\u00e1bbi tapasztalatok alapj\u00e1n b\u00edznak abban, hogy sikeres lesz a programsorozat.<\/p>\n\n\n\n<p>Sz\u00f6veg: <a href=\"https:\/\/www.heol.hu\/kozelet\/helyi-kozelet\/mar-ejjel-is-furdozhetunk-az-egri-strandon-3722912\/\">HEOL<\/a><\/p>\n","protected":false},"excerpt":{"rendered":"<p>E h\u00e9tv\u00e9g\u00e9t\u0151l szeptember elej\u00e9ig \u00e9jszakai f\u00fcrd\u0151z\u00e9sre ny\u00edlik lehet\u0151s\u00e9g p\u00e9ntekenk\u00e9nt \u00e9s szombatonk\u00e9nt az \u00adegri strandon.<\/p>\n<p>A t\u00e9m\u00e1ban tartott szerdai sajt\u00f3t\u00e1j\u00e9koztat\u00f3n Mirk\u00f3czki \u00c1d\u00e1m polg\u00e1rmester elmondta, a korm\u00e1nyzatt\u00f3l kapott 825 milli\u00f3 forintos kompenz\u00e1ci\u00f3b\u00f3l els\u0151k\u00e9nt a v\u00e1rosi c\u00e9gek \u00e9s int\u00e9zm\u00e9nyek helyzet\u00e9t konszolid\u00e1lt\u00e1k, de emellett k\u00fcl\u00f6nb\u00f6z\u0151 rendezv\u00e9nyek m\u00f6g\u00e9 is be\u00e1lltak.<\/p>\n<p>\u2013 K\u00eds\u00e9rleti jelleggel tavaly augusztusban m\u00e1r volt hasonl\u00f3 program, most ez minden [&#8230;]<\/p>\n","protected":false},"author":4,"featured_media":0,"comment_status":"open","ping_status":"closed","sticky":false,"template":"","format":"standard","meta":{"footnotes":""},"categories":[1],"tags":[],"class_list":["post-23071","post","type-post","status-publish","format-standard","hentry","category-nincs-kategorizalva"],"_links":{"self":[{"href":"https:\/\/www.agriatv.hu\/index.php?rest_route=\/wp\/v2\/posts\/23071","targetHints":{"allow":["GET"]}}],"collection":[{"href":"https:\/\/www.agriatv.hu\/index.php?rest_route=\/wp\/v2\/posts"}],"about":[{"href":"https:\/\/www.agriatv.hu\/index.php?rest_route=\/wp\/v2\/types\/post"}],"author":[{"embeddable":true,"href":"https:\/\/www.agriatv.hu\/index.php?rest_route=\/wp\/v2\/users\/4"}],"replies":[{"embeddable":true,"href":"https:\/\/www.agriatv.hu\/index.php?rest_route=%2Fwp%2Fv2%2Fcomments&post=23071"}],"version-history":[{"count":1,"href":"https:\/\/www.agriatv.hu\/index.php?rest_route=\/wp\/v2\/posts\/23071\/revisions"}],"predecessor-version":[{"id":23073,"href":"https:\/\/www.agriatv.hu\/index.php?rest_route=\/wp\/v2\/posts\/23071\/revisions\/23073"}],"wp:attachment":[{"href":"https:\/\/www.agriatv.hu\/index.php?rest_route=%2Fwp%2Fv2%2Fmedia&parent=23071"}],"wp:term":[{"taxonomy":"category","embeddable":true,"href":"https:\/\/www.agriatv.hu\/index.php?rest_route=%2Fwp%2Fv2%2Fcategories&post=23071"},{"taxonomy":"post_tag","embeddable":true,"href":"https:\/\/www.agriatv.hu\/index.php?rest_route=%2Fwp%2Fv2%2Ftags&post=23071"}],"curies":[{"name":"wp","href":"https:\/\/api.w.org\/{rel}","templated":true}]}}