{"id":23110,"date":"2021-07-04T17:14:27","date_gmt":"2021-07-04T17:14:27","guid":{"rendered":"https:\/\/www.agriatv.hu\/?p=23110"},"modified":"2021-07-05T17:36:22","modified_gmt":"2021-07-05T17:36:22","slug":"tuzoltok-is-kisertek-az-ifju-part","status":"publish","type":"post","link":"https:\/\/www.agriatv.hu\/?p=23110","title":{"rendered":"T\u0171zolt\u00f3k is k\u00eds\u00e9rt\u00e9k az ifj\u00fa p\u00e1rt"},"content":{"rendered":"\n<div class=\"wp-block-image\"><figure class=\"alignleft is-resized\"><img loading=\"lazy\" decoding=\"async\" src=\"https:\/\/cdn.tenyek.hu\/media\/8\/8d\/8d45abea4f1ccbce194f5c887fc24d54.jpg\" alt=\"Media player poster frame\" width=\"210\" height=\"117\"\/><\/figure><\/div>\n\n\n\n<p>Feld\u00edsz\u00edtett t\u0171zolt\u00f3aut\u00f3 k\u00eds\u00e9rte a n\u00e1szn\u00e9pet, \u00e9s t\u0171zolt\u00f3k \u00e1lltak sorfalat koll\u00e9g\u00e1juk esk\u00fcv\u0151j\u00e9n a Heves megyei Fels\u0151t\u00e1rk\u00e1nyban. A fiatalok azt mondj\u00e1k,h\u00e1rom \u00e9s f\u00e9l \u00e9ve ismerkedtek meg, szerelem volt els\u0151 l\u00e1t\u00e1sra. A menyasszony kor\u00e1bban nagyon f\u00e9ltette t\u0171zolt\u00f3 szerelm\u00e9t, de mostanra m\u00e1r r\u00e1j\u00f6tt, hogy tud vigy\u00e1zni mag\u00e1ra. Esk\u00fcv\u0151j\u00fck\u00f6n az eg\u00e9sz falu egy\u00fctt \u00fcnnepelt, a p\u00e1r a templom el\u0151tt az utc\u00e1n t\u00e1ncolt.<\/p>\n\n\n\n<div style=\"width: 100%; height: 0px; position: relative; padding-bottom: 56%;\"><iframe src=\"https:\/\/tenyek.hu\/embed\/12429_tuzoltok-is-kisertek-az-ifju-part\" frameborder=\"0\" allowfullscreen=\"true\" style=\"width: 100%; height: 100%; position: absolute;\"><\/iframe><\/div>\n\n\n\n<p>T\u0171zolt\u00f3aut\u00f3 k\u00eds\u00e9rte a n\u00e1szn\u00e9pet Fels\u0151t\u00e1rk\u00e1nyban, ahol egy egri t\u0171zolt\u00f3 \u00e9s a helyi \u00f3v\u00f3n\u0151 esk\u00fcv\u0151j\u00e9t tartott\u00e1k szombaton. A fiatalok vaddiszn\u00f3hajt\u00e1son tal\u00e1lkoztak 3 \u00e9vvel ezel\u0151tt, most pedig \u00f6sszek\u00f6t\u00f6tt\u00e9k az \u00e9let\u00fcket. A szertart\u00e1son \u00e9s az azt k\u00f6vet\u0151 mulats\u00e1gon az \u00f3vod\u00e1sok \u00e9s a t\u0171zolt\u00f3k egyar\u00e1nt r\u00e9szt vettek.<\/p>\n\n\n\n<div style=\"width: 100%; height: 0px; position: relative; padding-bottom: 56%;\"><iframe src=\"https:\/\/embed.rtl.hu\/embed\/1711547?autoplay=0\" frameborder=\"0\" allowfullscreen=\"true\" style=\"width: 100%; height: 100%; position: absolute;\"><\/iframe><\/div>\n\n\n\n<iframe loading=\"lazy\" width=\"560\" height=\"315\" src=\"https:\/\/www.youtube.com\/embed\/tgHfZ-sVMHE\" title=\"YouTube video player\" frameborder=\"0\" allow=\"accelerometer; autoplay; clipboard-write; encrypted-media; gyroscope; picture-in-picture\" allowfullscreen><\/iframe>\n","protected":false},"excerpt":{"rendered":"<p>Feld\u00edsz\u00edtett t\u0171zolt\u00f3aut\u00f3 k\u00eds\u00e9rte a n\u00e1szn\u00e9pet, \u00e9s t\u0171zolt\u00f3k \u00e1lltak sorfalat koll\u00e9g\u00e1juk esk\u00fcv\u0151j\u00e9n a Heves megyei Fels\u0151t\u00e1rk\u00e1nyban. A fiatalok azt mondj\u00e1k,h\u00e1rom \u00e9s f\u00e9l \u00e9ve ismerkedtek meg, szerelem volt els\u0151 l\u00e1t\u00e1sra. A menyasszony kor\u00e1bban nagyon f\u00e9ltette t\u0171zolt\u00f3 szerelm\u00e9t, de mostanra m\u00e1r r\u00e1j\u00f6tt, hogy tud vigy\u00e1zni mag\u00e1ra. Esk\u00fcv\u0151j\u00fck\u00f6n az eg\u00e9sz falu egy\u00fctt \u00fcnnepelt, a p\u00e1r a templom el\u0151tt az [&#8230;]<\/p>\n","protected":false},"author":4,"featured_media":0,"comment_status":"open","ping_status":"closed","sticky":false,"template":"","format":"standard","meta":{"footnotes":""},"categories":[6,5,4],"tags":[2511,1360,1036,3707,1882,161],"class_list":["post-23110","post","type-post","status-publish","format-standard","hentry","category-belfold","category-kek-hirek","category-szabadido","tag-eskuvo","tag-falu","tag-felsotarkany","tag-nasznep","tag-szerelem","tag-tuzolto"],"_links":{"self":[{"href":"https:\/\/www.agriatv.hu\/index.php?rest_route=\/wp\/v2\/posts\/23110","targetHints":{"allow":["GET"]}}],"collection":[{"href":"https:\/\/www.agriatv.hu\/index.php?rest_route=\/wp\/v2\/posts"}],"about":[{"href":"https:\/\/www.agriatv.hu\/index.php?rest_route=\/wp\/v2\/types\/post"}],"author":[{"embeddable":true,"href":"https:\/\/www.agriatv.hu\/index.php?rest_route=\/wp\/v2\/users\/4"}],"replies":[{"embeddable":true,"href":"https:\/\/www.agriatv.hu\/index.php?rest_route=%2Fwp%2Fv2%2Fcomments&post=23110"}],"version-history":[{"count":2,"href":"https:\/\/www.agriatv.hu\/index.php?rest_route=\/wp\/v2\/posts\/23110\/revisions"}],"predecessor-version":[{"id":23115,"href":"https:\/\/www.agriatv.hu\/index.php?rest_route=\/wp\/v2\/posts\/23110\/revisions\/23115"}],"wp:attachment":[{"href":"https:\/\/www.agriatv.hu\/index.php?rest_route=%2Fwp%2Fv2%2Fmedia&parent=23110"}],"wp:term":[{"taxonomy":"category","embeddable":true,"href":"https:\/\/www.agriatv.hu\/index.php?rest_route=%2Fwp%2Fv2%2Fcategories&post=23110"},{"taxonomy":"post_tag","embeddable":true,"href":"https:\/\/www.agriatv.hu\/index.php?rest_route=%2Fwp%2Fv2%2Ftags&post=23110"}],"curies":[{"name":"wp","href":"https:\/\/api.w.org\/{rel}","templated":true}]}}