{"id":23126,"date":"2021-07-09T18:57:25","date_gmt":"2021-07-09T18:57:25","guid":{"rendered":"https:\/\/www.agriatv.hu\/?p=23126"},"modified":"2021-07-09T18:57:26","modified_gmt":"2021-07-09T18:57:26","slug":"negy-balesetben-oten-haltak-meg-az-elmult-24-oraban","status":"publish","type":"post","link":"https:\/\/www.agriatv.hu\/?p=23126","title":{"rendered":"N\u00e9gy balesetben \u00f6ten haltak meg az elm\u00falt 24 \u00f3r\u00e1ban"},"content":{"rendered":"\n<div class=\"wp-block-image\"><figure class=\"alignleft is-resized\"><img loading=\"lazy\" decoding=\"async\" src=\"https:\/\/cdn.tenyek.hu\/media\/3\/37\/3737c256d4954b20846cccbff0a7ada8.jpg\" alt=\"Media player poster frame\" width=\"200\" height=\"112\"\/><\/figure><\/div>\n\n\n\n<p>R\u00e9szegen, jogos\u00edtv\u00e1ny n\u00e9lk\u00fcl \u00e9s m\u00e1s motorj\u00e1val rohant oszlopnak egy 16 \u00e9ves fi\u00fa Szerencsen. Buk\u00f3sisakot sem viselt, \u00edgy nem volt es\u00e9lye t\u00fal\u00e9lni az \u00fctk\u00f6z\u00e9st, a ment\u0151k k\u00f3rh\u00e1zba vitt\u00e9k, de ott meghalt. T\u00f6bb tragikus motorbaleset is t\u00f6rt\u00e9nt alig egy nap alatt. Hatvann\u00e1l egy el\u0151z\u00e9s ut\u00e1n el\u0151sz\u00f6r szalagkorlattal \u00fctk\u00f6z\u00f6tt egy motoros, majd fejjel nekicsap\u00f3dott egy oszlopnak. Azonnal meghalt.<\/p>\n\n\n\n<div style=\"width: 100%; height: 0px; position: relative; padding-bottom: 56%;\"><iframe src=\"https:\/\/tenyek.hu\/embed\/12580_16-eves-fiu-halt-meg-a-motorbalesetben\" frameborder=\"0\" allowfullscreen=\"true\" style=\"width: 100%; height: 100%; position: absolute;\"><\/iframe><\/div>\n\n\n\n<p>Zala megy\u00e9ben, Nagykapornakn\u00e1l egy aut\u00f3 \u00e1rokba cs\u00faszott. A sof\u0151r, aki nem volt bek\u00f6tve, kirep\u00fclt a kocsib\u00f3l \u00e9s meghalt. Hatvanban \u00e9s Szerencsen motorosok haltak meg. Mindketten villanyoszlopnak \u00fctk\u00f6ztek. Cs\u00fct\u00f6rt\u00f6k d\u00e9lut\u00e1n pedig Somogy megy\u00e9ben, Nemesvidn\u00e9l halt meg egy kamionnal karamboloz\u00f3 aut\u00f3 sof\u0151rje \u00e9s utasa.<\/p>\n\n\n\n<div style=\"width: 100%; height: 0px; position: relative; padding-bottom: 56%;\"><iframe src=\"https:\/\/embed.rtl.hu\/embed\/1713643?autoplay=0\" frameborder=\"0\" allowfullscreen=\"true\" style=\"width: 100%; height: 100%; position: absolute;\"><\/iframe><\/div>\n","protected":false},"excerpt":{"rendered":"<p>R\u00e9szegen, jogos\u00edtv\u00e1ny n\u00e9lk\u00fcl \u00e9s m\u00e1s motorj\u00e1val rohant oszlopnak egy 16 \u00e9ves fi\u00fa Szerencsen. Buk\u00f3sisakot sem viselt, \u00edgy nem volt es\u00e9lye t\u00fal\u00e9lni az \u00fctk\u00f6z\u00e9st, a ment\u0151k k\u00f3rh\u00e1zba vitt\u00e9k, de ott meghalt. T\u00f6bb tragikus motorbaleset is t\u00f6rt\u00e9nt alig egy nap alatt. Hatvann\u00e1l egy el\u0151z\u00e9s ut\u00e1n el\u0151sz\u00f6r szalagkorlattal \u00fctk\u00f6z\u00f6tt egy motoros, majd fejjel nekicsap\u00f3dott egy oszlopnak. Azonnal meghalt.<\/p>\n<p>Zala [&#8230;]<\/p>\n","protected":false},"author":4,"featured_media":0,"comment_status":"open","ping_status":"closed","sticky":false,"template":"","format":"standard","meta":{"footnotes":""},"categories":[5],"tags":[41,3421,771,236,380,39,122,2823],"class_list":["post-23126","post","type-post","status-publish","format-standard","hentry","category-kek-hirek","tag-baleset","tag-esely","tag-halal","tag-hatvan","tag-mento","tag-motoros","tag-rendorseg","tag-utkozes"],"_links":{"self":[{"href":"https:\/\/www.agriatv.hu\/index.php?rest_route=\/wp\/v2\/posts\/23126","targetHints":{"allow":["GET"]}}],"collection":[{"href":"https:\/\/www.agriatv.hu\/index.php?rest_route=\/wp\/v2\/posts"}],"about":[{"href":"https:\/\/www.agriatv.hu\/index.php?rest_route=\/wp\/v2\/types\/post"}],"author":[{"embeddable":true,"href":"https:\/\/www.agriatv.hu\/index.php?rest_route=\/wp\/v2\/users\/4"}],"replies":[{"embeddable":true,"href":"https:\/\/www.agriatv.hu\/index.php?rest_route=%2Fwp%2Fv2%2Fcomments&post=23126"}],"version-history":[{"count":1,"href":"https:\/\/www.agriatv.hu\/index.php?rest_route=\/wp\/v2\/posts\/23126\/revisions"}],"predecessor-version":[{"id":23127,"href":"https:\/\/www.agriatv.hu\/index.php?rest_route=\/wp\/v2\/posts\/23126\/revisions\/23127"}],"wp:attachment":[{"href":"https:\/\/www.agriatv.hu\/index.php?rest_route=%2Fwp%2Fv2%2Fmedia&parent=23126"}],"wp:term":[{"taxonomy":"category","embeddable":true,"href":"https:\/\/www.agriatv.hu\/index.php?rest_route=%2Fwp%2Fv2%2Fcategories&post=23126"},{"taxonomy":"post_tag","embeddable":true,"href":"https:\/\/www.agriatv.hu\/index.php?rest_route=%2Fwp%2Fv2%2Ftags&post=23126"}],"curies":[{"name":"wp","href":"https:\/\/api.w.org\/{rel}","templated":true}]}}