{"id":23134,"date":"2021-07-14T20:34:19","date_gmt":"2021-07-14T20:34:19","guid":{"rendered":"https:\/\/www.agriatv.hu\/?p=23134"},"modified":"2021-07-14T20:34:20","modified_gmt":"2021-07-14T20:34:20","slug":"farkasok-tartjak-rettegesben-a-kornyeket","status":"publish","type":"post","link":"https:\/\/www.agriatv.hu\/?p=23134","title":{"rendered":"Farkasok tartj\u00e1k retteg\u00e9sben a k\u00f6rny\u00e9ket"},"content":{"rendered":"\n<div class=\"wp-block-image\"><figure class=\"alignleft is-resized\"><img loading=\"lazy\" decoding=\"async\" src=\"https:\/\/cdn.tenyek.hu\/media\/0\/0c\/0c48c5af3b0a1be8c3a829762d461f57.jpg\" alt=\"Media player poster frame\" width=\"184\" height=\"103\"\/><\/figure><\/div>\n\n\n\n<p>Farkasok \u00f6lhett\u00e9k meg egy m\u00e1tranov\u00e1ki gazda birk\u00e1it. 23 \u00e1llat pusztult el, t\u00f6bb pedig s\u00falyosan megs\u00e9r\u00fclt, a k\u00e1r t\u00f6bb milli\u00f3 forint. A n\u00f3gr\u00e1di gazd\u00e1k villanyp\u00e1sztorokat \u00e1ll\u00edtottak fel, a ragadoz\u00f3kat azonban ez sem tartja vissza. A farkasok r\u00e1ad\u00e1sul v\u00e9dettek, ez\u00e9rt nem lehet kil\u0151ni \u0151ket, a gazd\u00e1k pedig tan\u00e1cstalanok, hogy hogyan is v\u00e9dekezzenek.<\/p>\n\n\n\n<div style=\"width: 100%; height: 0px; position: relative; padding-bottom: 56%;\"><iframe src=\"https:\/\/tenyek.hu\/embed\/12735_farkasok-tartjak-rettegesben-a-kornyeket\" frameborder=\"0\" allowfullscreen=\"true\" style=\"width: 100%; height: 100%; position: absolute;\"><\/iframe><\/div>\n","protected":false},"excerpt":{"rendered":"<p>Farkasok \u00f6lhett\u00e9k meg egy m\u00e1tranov\u00e1ki gazda birk\u00e1it. 23 \u00e1llat pusztult el, t\u00f6bb pedig s\u00falyosan megs\u00e9r\u00fclt, a k\u00e1r t\u00f6bb milli\u00f3 forint. A n\u00f3gr\u00e1di gazd\u00e1k villanyp\u00e1sztorokat \u00e1ll\u00edtottak fel, a ragadoz\u00f3kat azonban ez sem tartja vissza. A farkasok r\u00e1ad\u00e1sul v\u00e9dettek, ez\u00e9rt nem lehet kil\u0151ni \u0151ket, a gazd\u00e1k pedig tan\u00e1cstalanok, hogy hogyan is v\u00e9dekezzenek.<\/p>\n","protected":false},"author":4,"featured_media":0,"comment_status":"open","ping_status":"closed","sticky":false,"template":"","format":"standard","meta":{"footnotes":""},"categories":[6,4],"tags":[1697,1814,1813,3641,3716],"class_list":["post-23134","post","type-post","status-publish","format-standard","hentry","category-belfold","category-szabadido","tag-allat","tag-farkas","tag-gazda","tag-matranovak","tag-vedett"],"_links":{"self":[{"href":"https:\/\/www.agriatv.hu\/index.php?rest_route=\/wp\/v2\/posts\/23134","targetHints":{"allow":["GET"]}}],"collection":[{"href":"https:\/\/www.agriatv.hu\/index.php?rest_route=\/wp\/v2\/posts"}],"about":[{"href":"https:\/\/www.agriatv.hu\/index.php?rest_route=\/wp\/v2\/types\/post"}],"author":[{"embeddable":true,"href":"https:\/\/www.agriatv.hu\/index.php?rest_route=\/wp\/v2\/users\/4"}],"replies":[{"embeddable":true,"href":"https:\/\/www.agriatv.hu\/index.php?rest_route=%2Fwp%2Fv2%2Fcomments&post=23134"}],"version-history":[{"count":1,"href":"https:\/\/www.agriatv.hu\/index.php?rest_route=\/wp\/v2\/posts\/23134\/revisions"}],"predecessor-version":[{"id":23135,"href":"https:\/\/www.agriatv.hu\/index.php?rest_route=\/wp\/v2\/posts\/23134\/revisions\/23135"}],"wp:attachment":[{"href":"https:\/\/www.agriatv.hu\/index.php?rest_route=%2Fwp%2Fv2%2Fmedia&parent=23134"}],"wp:term":[{"taxonomy":"category","embeddable":true,"href":"https:\/\/www.agriatv.hu\/index.php?rest_route=%2Fwp%2Fv2%2Fcategories&post=23134"},{"taxonomy":"post_tag","embeddable":true,"href":"https:\/\/www.agriatv.hu\/index.php?rest_route=%2Fwp%2Fv2%2Ftags&post=23134"}],"curies":[{"name":"wp","href":"https:\/\/api.w.org\/{rel}","templated":true}]}}