{"id":23136,"date":"2021-07-15T06:46:16","date_gmt":"2021-07-15T06:46:16","guid":{"rendered":"https:\/\/www.agriatv.hu\/?p=23136"},"modified":"2021-07-15T06:46:17","modified_gmt":"2021-07-15T06:46:17","slug":"kutban-probaltak-eltuntetni-egy-gyilkossag-nyomait","status":"publish","type":"post","link":"https:\/\/www.agriatv.hu\/?p=23136","title":{"rendered":"K\u00fatban pr\u00f3b\u00e1lt\u00e1k elt\u00fcntetni egy gyilkoss\u00e1g nyomait"},"content":{"rendered":"\n<div class=\"wp-block-image\"><figure class=\"alignleft size-large\"><a href=\"https:\/\/www.agriatv.hu\/wp-content\/uploads\/2021\/07\/kutban-probaltak-eltuntetni-egy-gyilkossag-nyomait_image_5e586f78cba13cc6a3f1f530be55.jpg\"><img loading=\"lazy\" decoding=\"async\" width=\"320\" height=\"180\" src=\"https:\/\/www.agriatv.hu\/wp-content\/uploads\/2021\/07\/kutban-probaltak-eltuntetni-egy-gyilkossag-nyomait_image_5e586f78cba13cc6a3f1f530be55.jpg\" alt=\"\" class=\"wp-image-23137\" srcset=\"https:\/\/www.agriatv.hu\/wp-content\/uploads\/2021\/07\/kutban-probaltak-eltuntetni-egy-gyilkossag-nyomait_image_5e586f78cba13cc6a3f1f530be55.jpg 320w, https:\/\/www.agriatv.hu\/wp-content\/uploads\/2021\/07\/kutban-probaltak-eltuntetni-egy-gyilkossag-nyomait_image_5e586f78cba13cc6a3f1f530be55-300x169.jpg 300w\" sizes=\"auto, (max-width: 320px) 100vw, 320px\" \/><\/a><\/figure><\/div>\n\n\n\n<p>Meggyilkolt\u00e1k, majd k\u00fatba dobt\u00e1k \u00e1ldozatukat, \u00edgy pr\u00f3b\u00e1lt\u00e1k meg elt\u00fcntetni egy gyilkoss\u00e1g nyomait 2015-ben Egerben. H\u00e1rom f\u00e9rfi ellen most emeltek v\u00e1dat. A holttestet tavaly \u00e1prilisban fedezte fel az ingatlan \u00faj tulajdonosa, aki az udvaron lev\u0151 kutat akarta kitiszt\u00edtani. A rend\u0151rs\u00e9g a zseb\u00e9ben tal\u00e1lt gy\u00f3gyszer alapj\u00e1n azonos\u00edtotta az \u00e1ldozatot.<\/p>\n\n\n\n<div style=\"width: 100%; height: 0px; position: relative; padding-bottom: 56%;\"><iframe src=\"https:\/\/embed.rtl.hu\/embed\/1715183?autoplay=0\" frameborder=\"0\" allowfullscreen=\"true\" style=\"width: 100%; height: 100%; position: absolute;\"><\/iframe><\/div>\n","protected":false},"excerpt":{"rendered":"<p>Meggyilkolt\u00e1k, majd k\u00fatba dobt\u00e1k \u00e1ldozatukat, \u00edgy pr\u00f3b\u00e1lt\u00e1k meg elt\u00fcntetni egy gyilkoss\u00e1g nyomait 2015-ben Egerben. H\u00e1rom f\u00e9rfi ellen most emeltek v\u00e1dat. A holttestet tavaly \u00e1prilisban fedezte fel az ingatlan \u00faj tulajdonosa, aki az udvaron lev\u0151 kutat akarta kitiszt\u00edtani. A rend\u0151rs\u00e9g a zseb\u00e9ben tal\u00e1lt gy\u00f3gyszer alapj\u00e1n azonos\u00edtotta az \u00e1ldozatot.<\/p>\n","protected":false},"author":4,"featured_media":0,"comment_status":"open","ping_status":"closed","sticky":false,"template":"","format":"standard","meta":{"footnotes":""},"categories":[5],"tags":[743,36,1079,1080,122,2152],"class_list":["post-23136","post","type-post","status-publish","format-standard","hentry","category-kek-hirek","tag-aldozat","tag-eger","tag-gyilkossag","tag-kut","tag-rendorseg","tag-vademeles"],"_links":{"self":[{"href":"https:\/\/www.agriatv.hu\/index.php?rest_route=\/wp\/v2\/posts\/23136","targetHints":{"allow":["GET"]}}],"collection":[{"href":"https:\/\/www.agriatv.hu\/index.php?rest_route=\/wp\/v2\/posts"}],"about":[{"href":"https:\/\/www.agriatv.hu\/index.php?rest_route=\/wp\/v2\/types\/post"}],"author":[{"embeddable":true,"href":"https:\/\/www.agriatv.hu\/index.php?rest_route=\/wp\/v2\/users\/4"}],"replies":[{"embeddable":true,"href":"https:\/\/www.agriatv.hu\/index.php?rest_route=%2Fwp%2Fv2%2Fcomments&post=23136"}],"version-history":[{"count":1,"href":"https:\/\/www.agriatv.hu\/index.php?rest_route=\/wp\/v2\/posts\/23136\/revisions"}],"predecessor-version":[{"id":23138,"href":"https:\/\/www.agriatv.hu\/index.php?rest_route=\/wp\/v2\/posts\/23136\/revisions\/23138"}],"wp:attachment":[{"href":"https:\/\/www.agriatv.hu\/index.php?rest_route=%2Fwp%2Fv2%2Fmedia&parent=23136"}],"wp:term":[{"taxonomy":"category","embeddable":true,"href":"https:\/\/www.agriatv.hu\/index.php?rest_route=%2Fwp%2Fv2%2Fcategories&post=23136"},{"taxonomy":"post_tag","embeddable":true,"href":"https:\/\/www.agriatv.hu\/index.php?rest_route=%2Fwp%2Fv2%2Ftags&post=23136"}],"curies":[{"name":"wp","href":"https:\/\/api.w.org\/{rel}","templated":true}]}}