{"id":23141,"date":"2021-07-17T17:47:06","date_gmt":"2021-07-17T17:47:06","guid":{"rendered":"https:\/\/www.agriatv.hu\/?p=23141"},"modified":"2021-07-17T17:47:07","modified_gmt":"2021-07-17T17:47:07","slug":"orjongott-es-gyujtogatott-a-benzinkuton","status":"publish","type":"post","link":"https:\/\/www.agriatv.hu\/?p=23141","title":{"rendered":"\u0150rj\u00f6ng\u00f6tt \u00e9s gy\u00fajtogatott a benzink\u00faton"},"content":{"rendered":"\n<div class=\"wp-block-image\"><figure class=\"alignleft is-resized\"><img loading=\"lazy\" decoding=\"async\" src=\"https:\/\/cdn.tenyek.hu\/media\/0\/00\/007a36f268424a9329972117b69ec2d9.jpg\" alt=\"Media player poster frame\" width=\"163\" height=\"91\"\/><\/figure><\/div>\n\n\n\n<p>Lelocsolta benzinnel, azt\u00e1n felgy\u00fajtotta a saj\u00e1t t\u00e1sk\u00e1j\u00e1t egy rom\u00e1n f\u00e9rfi az M3-as aut\u00f3p\u00e1lya egyik benzink\u00fatj\u00e1n\u00e1l. A f\u00e9rfi r\u00e9szeg volt \u00e9s gy\u00f3gyszereket is bevett kor\u00e1bban, d\u00fch\u00f6ng\u00f6tt, ez\u00e9rt az utast\u00e1rsai kitett\u00e9k a kocsib\u00f3l a k\u00faton. Ett\u0151l m\u00e9g d\u00fch\u00f6sebb lett, benzint locsolt sz\u00e9t mindenhov\u00e1 az egyik t\u00f6lt\u0151b\u0151l \u00e9s meg is gy\u00fajtotta, ott dolgoz\u00f3k oltott\u00e1k el a l\u00e1ngokat, \u00e9s feltartott\u00e1k a f\u00e9rfit, am\u00edg a rend\u0151r\u00f6k meg \u00e9rkeztek. Az \u00e1mokfut\u00f3 d\u00fch\u00f6ng\u00e9s\u00e9t a biztons\u00e1gi kamera is felvette.<\/p>\n\n\n\n<div style=\"width: 100%; height: 0px; position: relative; padding-bottom: 56%;\"><iframe src=\"https:\/\/tenyek.hu\/embed\/12831_orjongott-es-gyujtogatott-a-benzinkuton\" frameborder=\"0\" allowfullscreen=\"true\" style=\"width: 100%; height: 100%; position: absolute;\"><\/iframe><\/div>\n","protected":false},"excerpt":{"rendered":"<p>Lelocsolta benzinnel, azt\u00e1n felgy\u00fajtotta a saj\u00e1t t\u00e1sk\u00e1j\u00e1t egy rom\u00e1n f\u00e9rfi az M3-as aut\u00f3p\u00e1lya egyik benzink\u00fatj\u00e1n\u00e1l. A f\u00e9rfi r\u00e9szeg volt \u00e9s gy\u00f3gyszereket is bevett kor\u00e1bban, d\u00fch\u00f6ng\u00f6tt, ez\u00e9rt az utast\u00e1rsai kitett\u00e9k a kocsib\u00f3l a k\u00faton. Ett\u0151l m\u00e9g d\u00fch\u00f6sebb lett, benzint locsolt sz\u00e9t mindenhov\u00e1 az egyik t\u00f6lt\u0151b\u0151l \u00e9s meg is gy\u00fajtotta, ott dolgoz\u00f3k oltott\u00e1k el a l\u00e1ngokat, \u00e9s [&#8230;]<\/p>\n","protected":false},"author":4,"featured_media":0,"comment_status":"open","ping_status":"closed","sticky":false,"template":"","format":"standard","meta":{"footnotes":""},"categories":[5],"tags":[2582,979,1531,2047,2182,484],"class_list":["post-23141","post","type-post","status-publish","format-standard","hentry","category-kek-hirek","tag-amokfuto","tag-autopalya","tag-benzin","tag-benzinkut","tag-reszeg","tag-tuz"],"_links":{"self":[{"href":"https:\/\/www.agriatv.hu\/index.php?rest_route=\/wp\/v2\/posts\/23141","targetHints":{"allow":["GET"]}}],"collection":[{"href":"https:\/\/www.agriatv.hu\/index.php?rest_route=\/wp\/v2\/posts"}],"about":[{"href":"https:\/\/www.agriatv.hu\/index.php?rest_route=\/wp\/v2\/types\/post"}],"author":[{"embeddable":true,"href":"https:\/\/www.agriatv.hu\/index.php?rest_route=\/wp\/v2\/users\/4"}],"replies":[{"embeddable":true,"href":"https:\/\/www.agriatv.hu\/index.php?rest_route=%2Fwp%2Fv2%2Fcomments&post=23141"}],"version-history":[{"count":1,"href":"https:\/\/www.agriatv.hu\/index.php?rest_route=\/wp\/v2\/posts\/23141\/revisions"}],"predecessor-version":[{"id":23142,"href":"https:\/\/www.agriatv.hu\/index.php?rest_route=\/wp\/v2\/posts\/23141\/revisions\/23142"}],"wp:attachment":[{"href":"https:\/\/www.agriatv.hu\/index.php?rest_route=%2Fwp%2Fv2%2Fmedia&parent=23141"}],"wp:term":[{"taxonomy":"category","embeddable":true,"href":"https:\/\/www.agriatv.hu\/index.php?rest_route=%2Fwp%2Fv2%2Fcategories&post=23141"},{"taxonomy":"post_tag","embeddable":true,"href":"https:\/\/www.agriatv.hu\/index.php?rest_route=%2Fwp%2Fv2%2Ftags&post=23141"}],"curies":[{"name":"wp","href":"https:\/\/api.w.org\/{rel}","templated":true}]}}