{"id":23160,"date":"2021-07-28T18:41:09","date_gmt":"2021-07-28T18:41:09","guid":{"rendered":"https:\/\/www.agriatv.hu\/?p=23160"},"modified":"2021-07-28T18:41:10","modified_gmt":"2021-07-28T18:41:10","slug":"megmergezhettek-a-lorinci-horgasztavon-elo-hattyukat","status":"publish","type":"post","link":"https:\/\/www.agriatv.hu\/?p=23160","title":{"rendered":"Megm\u00e9rgezhett\u00e9k a L\u0151rinci horg\u00e1sztavon \u00e9l\u0151 hatty\u00fakat"},"content":{"rendered":"\n<div class=\"wp-block-image\"><figure class=\"alignleft size-large is-resized\"><a href=\"https:\/\/www.agriatv.hu\/wp-content\/uploads\/2021\/07\/megmergezhettek-a-lorinci-horgasztavon-elo-hattyukat_image_763bf3fdf37b9b6cd218fdf0e840.jpg\"><img loading=\"lazy\" decoding=\"async\" src=\"https:\/\/www.agriatv.hu\/wp-content\/uploads\/2021\/07\/megmergezhettek-a-lorinci-horgasztavon-elo-hattyukat_image_763bf3fdf37b9b6cd218fdf0e840.jpg\" alt=\"\" class=\"wp-image-23161\" width=\"211\" height=\"119\" srcset=\"https:\/\/www.agriatv.hu\/wp-content\/uploads\/2021\/07\/megmergezhettek-a-lorinci-horgasztavon-elo-hattyukat_image_763bf3fdf37b9b6cd218fdf0e840.jpg 320w, https:\/\/www.agriatv.hu\/wp-content\/uploads\/2021\/07\/megmergezhettek-a-lorinci-horgasztavon-elo-hattyukat_image_763bf3fdf37b9b6cd218fdf0e840-300x169.jpg 300w\" sizes=\"auto, (max-width: 211px) 100vw, 211px\" \/><\/a><\/figure><\/div>\n\n\n\n<p>T\u00f6bb hatty\u00fa is elpusztult az elm\u00falt id\u0151szakban a Heves megyei L\u0151rinciben. A horg\u00e1sztavon \u00f6sszesen 7 mad\u00e1r \u00e9lt. T\u00f6bben m\u00e9rgez\u00e9sre gyanakszanak, de azt nem tudj\u00e1k, ki \u00e1rtana az \u00e1llatoknak. Tavaly ugyanott botokkal vertek hal\u00e1lra egy hatty\u00fat. Hogy a k\u00e9t eset \u00f6sszef\u00fcgg-e, egyel\u0151re nem tudni.\u00a0<\/p>\n\n\n\n<div style=\"width: 100%; height: 0px; position: relative; padding-bottom: 56%;\"><iframe src=\"https:\/\/embed.rtl.hu\/embed\/1719535?autoplay=0\" frameborder=\"0\" allowfullscreen=\"true\" style=\"width: 100%; height: 100%; position: absolute;\"><\/iframe><\/div>\n","protected":false},"excerpt":{"rendered":"<p>T\u00f6bb hatty\u00fa is elpusztult az elm\u00falt id\u0151szakban a Heves megyei L\u0151rinciben. A horg\u00e1sztavon \u00f6sszesen 7 mad\u00e1r \u00e9lt. T\u00f6bben m\u00e9rgez\u00e9sre gyanakszanak, de azt nem tudj\u00e1k, ki \u00e1rtana az \u00e1llatoknak. Tavaly ugyanott botokkal vertek hal\u00e1lra egy hatty\u00fat. Hogy a k\u00e9t eset \u00f6sszef\u00fcgg-e, egyel\u0151re nem tudni.\u00a0<\/p>\n","protected":false},"author":4,"featured_media":0,"comment_status":"open","ping_status":"closed","sticky":false,"template":"","format":"standard","meta":{"footnotes":""},"categories":[6,4],"tags":[1697,3545,1560,1576],"class_list":["post-23160","post","type-post","status-publish","format-standard","hentry","category-belfold","category-szabadido","tag-allat","tag-hattyu","tag-lorinci","tag-mergezes"],"_links":{"self":[{"href":"https:\/\/www.agriatv.hu\/index.php?rest_route=\/wp\/v2\/posts\/23160","targetHints":{"allow":["GET"]}}],"collection":[{"href":"https:\/\/www.agriatv.hu\/index.php?rest_route=\/wp\/v2\/posts"}],"about":[{"href":"https:\/\/www.agriatv.hu\/index.php?rest_route=\/wp\/v2\/types\/post"}],"author":[{"embeddable":true,"href":"https:\/\/www.agriatv.hu\/index.php?rest_route=\/wp\/v2\/users\/4"}],"replies":[{"embeddable":true,"href":"https:\/\/www.agriatv.hu\/index.php?rest_route=%2Fwp%2Fv2%2Fcomments&post=23160"}],"version-history":[{"count":1,"href":"https:\/\/www.agriatv.hu\/index.php?rest_route=\/wp\/v2\/posts\/23160\/revisions"}],"predecessor-version":[{"id":23162,"href":"https:\/\/www.agriatv.hu\/index.php?rest_route=\/wp\/v2\/posts\/23160\/revisions\/23162"}],"wp:attachment":[{"href":"https:\/\/www.agriatv.hu\/index.php?rest_route=%2Fwp%2Fv2%2Fmedia&parent=23160"}],"wp:term":[{"taxonomy":"category","embeddable":true,"href":"https:\/\/www.agriatv.hu\/index.php?rest_route=%2Fwp%2Fv2%2Fcategories&post=23160"},{"taxonomy":"post_tag","embeddable":true,"href":"https:\/\/www.agriatv.hu\/index.php?rest_route=%2Fwp%2Fv2%2Ftags&post=23160"}],"curies":[{"name":"wp","href":"https:\/\/api.w.org\/{rel}","templated":true}]}}