{"id":23165,"date":"2021-07-30T17:06:38","date_gmt":"2021-07-30T17:06:38","guid":{"rendered":"https:\/\/www.agriatv.hu\/?p=23165"},"modified":"2021-07-30T17:06:39","modified_gmt":"2021-07-30T17:06:39","slug":"parja-miatt-fenyegettek-a-haztuz-elott","status":"publish","type":"post","link":"https:\/\/www.agriatv.hu\/?p=23165","title":{"rendered":"P\u00e1rja miatt fenyegett\u00e9k a h\u00e1zt\u0171z el\u0151tt"},"content":{"rendered":"\n<div class=\"wp-block-image\"><figure class=\"alignleft is-resized\"><img loading=\"lazy\" decoding=\"async\" src=\"https:\/\/cdn.tenyek.hu\/media\/c\/c9\/c9ad682b1eec366c9ce4b451300e642d.jpg\" alt=\"Media player poster frame\" width=\"174\" height=\"97\"\/><\/figure><\/div>\n\n\n\n<p>Hatalmas l\u00e1ngokkal \u00e9gett egy csal\u00e1di h\u00e1z p\u00e9ntek reggel Hatvanban. Az ott lak\u00f3 f\u00e9rfi azt mondja, megfenyegett\u00e9k kor\u00e1bbi \u00e9lett\u00e1rsa miatt, ez\u00e9rt annyira f\u00e9lt, hogy m\u00e9g a gyerek\u00e9t \u00e9s annak \u00e9lett\u00e1rs\u00e1t is elk\u00f6lt\u00f6ztette otthon\u00e1b\u00f3l. De a k\u00f6rny\u00e9kbeliek is rettegnek, azt mondt\u00e1k, a f\u00e9rfi az utc\u00e1n rugdosta az \u00e9lett\u00e1rs\u00e1t. Most \u00e1tmenetileg rokonokhoz k\u00f6lt\u00f6z\u00f6tt a f\u00e9rfi \u00e9s a csal\u00e1dja is.<\/p>\n\n\n\n<div style=\"width: 100%; height: 0px; position: relative; padding-bottom: 56%;\"><iframe src=\"https:\/\/tenyek.hu\/embed\/13243_parja-miatt-fenyegettek-a-haztuz-elott\" frameborder=\"0\" allowfullscreen=\"true\" style=\"width: 100%; height: 100%; position: absolute;\"><\/iframe><\/div>\n","protected":false},"excerpt":{"rendered":"<p>Hatalmas l\u00e1ngokkal \u00e9gett egy csal\u00e1di h\u00e1z p\u00e9ntek reggel Hatvanban. Az ott lak\u00f3 f\u00e9rfi azt mondja, megfenyegett\u00e9k kor\u00e1bbi \u00e9lett\u00e1rsa miatt, ez\u00e9rt annyira f\u00e9lt, hogy m\u00e9g a gyerek\u00e9t \u00e9s annak \u00e9lett\u00e1rs\u00e1t is elk\u00f6lt\u00f6ztette otthon\u00e1b\u00f3l. De a k\u00f6rny\u00e9kbeliek is rettegnek, azt mondt\u00e1k, a f\u00e9rfi az utc\u00e1n rugdosta az \u00e9lett\u00e1rs\u00e1t. Most \u00e1tmenetileg rokonokhoz k\u00f6lt\u00f6z\u00f6tt a f\u00e9rfi \u00e9s a csal\u00e1dja [&#8230;]<\/p>\n","protected":false},"author":4,"featured_media":0,"comment_status":"open","ping_status":"closed","sticky":false,"template":"","format":"standard","meta":{"footnotes":""},"categories":[6,5],"tags":[487,2328,236,484],"class_list":["post-23165","post","type-post","status-publish","format-standard","hentry","category-belfold","category-kek-hirek","tag-csalad","tag-fenyegetes","tag-hatvan","tag-tuz"],"_links":{"self":[{"href":"https:\/\/www.agriatv.hu\/index.php?rest_route=\/wp\/v2\/posts\/23165","targetHints":{"allow":["GET"]}}],"collection":[{"href":"https:\/\/www.agriatv.hu\/index.php?rest_route=\/wp\/v2\/posts"}],"about":[{"href":"https:\/\/www.agriatv.hu\/index.php?rest_route=\/wp\/v2\/types\/post"}],"author":[{"embeddable":true,"href":"https:\/\/www.agriatv.hu\/index.php?rest_route=\/wp\/v2\/users\/4"}],"replies":[{"embeddable":true,"href":"https:\/\/www.agriatv.hu\/index.php?rest_route=%2Fwp%2Fv2%2Fcomments&post=23165"}],"version-history":[{"count":1,"href":"https:\/\/www.agriatv.hu\/index.php?rest_route=\/wp\/v2\/posts\/23165\/revisions"}],"predecessor-version":[{"id":23166,"href":"https:\/\/www.agriatv.hu\/index.php?rest_route=\/wp\/v2\/posts\/23165\/revisions\/23166"}],"wp:attachment":[{"href":"https:\/\/www.agriatv.hu\/index.php?rest_route=%2Fwp%2Fv2%2Fmedia&parent=23165"}],"wp:term":[{"taxonomy":"category","embeddable":true,"href":"https:\/\/www.agriatv.hu\/index.php?rest_route=%2Fwp%2Fv2%2Fcategories&post=23165"},{"taxonomy":"post_tag","embeddable":true,"href":"https:\/\/www.agriatv.hu\/index.php?rest_route=%2Fwp%2Fv2%2Ftags&post=23165"}],"curies":[{"name":"wp","href":"https:\/\/api.w.org\/{rel}","templated":true}]}}