{"id":23198,"date":"2021-08-12T18:27:42","date_gmt":"2021-08-12T18:27:42","guid":{"rendered":"https:\/\/www.agriatv.hu\/?p=23198"},"modified":"2021-08-12T18:27:42","modified_gmt":"2021-08-12T18:27:42","slug":"anyjara-gyujtotta-a-lakast","status":"publish","type":"post","link":"https:\/\/www.agriatv.hu\/?p=23198","title":{"rendered":"Anyj\u00e1ra gy\u00fajtotta a lak\u00e1st"},"content":{"rendered":"\n<div class=\"wp-block-image\"><figure class=\"alignleft is-resized\"><img loading=\"lazy\" decoding=\"async\" src=\"https:\/\/cdn.tenyek.hu\/media\/2\/27\/27c3405f5ceb283fd17bd6b76c0a3fc7.jpg\" alt=\"Media player poster frame\" width=\"229\" height=\"128\"\/><\/figure><\/div>\n\n\n\n<p>Felgy\u00fajtotta a lak\u00e1st, majd hagyta benn\u00e9gni mozg\u00e1ss\u00e9r\u00fclt anyj\u00e1t egy n\u0151 Gy\u00f6ngy\u00f6s\u00f6n. Egyik este vitatkoztak, ez\u00e9rt a n\u0151 l\u00e1ngra lobbantotta a f\u00fcgg\u00f6nyt, majd mag\u00e1ra hagyta magatehetetlen anyj\u00e1t. K\u00e9s\u0151bb a l\u00e9pcs\u0151h\u00e1zban \u00fclve v\u00e1rta meg, am\u00edg meghal az asszony. V\u00e9g\u00fcl a lak\u00f3k \u00e9rtes\u00edtett\u00e9k a t\u0171zolt\u00f3kat \u00e9s a ment\u0151ket, de a 80 \u00e9ves n\u0151 \u00e9let\u00e9t m\u00e1r nem lehetett megmenteni. Az anyagyilkos ellen most emeltek v\u00e1dat.<\/p>\n\n\n\n<div style=\"width: 100%; height: 0px; position: relative; padding-bottom: 56%;\"><iframe src=\"https:\/\/tenyek.hu\/embed\/13640_anyjara-gyujtotta-a-lakast\" frameborder=\"0\" allowfullscreen=\"true\" style=\"width: 100%; height: 100%; position: absolute;\"><\/iframe><\/div>\n","protected":false},"excerpt":{"rendered":"<p>Felgy\u00fajtotta a lak\u00e1st, majd hagyta benn\u00e9gni mozg\u00e1ss\u00e9r\u00fclt anyj\u00e1t egy n\u0151 Gy\u00f6ngy\u00f6s\u00f6n. Egyik este vitatkoztak, ez\u00e9rt a n\u0151 l\u00e1ngra lobbantotta a f\u00fcgg\u00f6nyt, majd mag\u00e1ra hagyta magatehetetlen anyj\u00e1t. K\u00e9s\u0151bb a l\u00e9pcs\u0151h\u00e1zban \u00fclve v\u00e1rta meg, am\u00edg meghal az asszony. V\u00e9g\u00fcl a lak\u00f3k \u00e9rtes\u00edtett\u00e9k a t\u0171zolt\u00f3kat \u00e9s a ment\u0151ket, de a 80 \u00e9ves n\u0151 \u00e9let\u00e9t m\u00e1r nem lehetett megmenteni. [&#8230;]<\/p>\n","protected":false},"author":4,"featured_media":0,"comment_status":"open","ping_status":"closed","sticky":false,"template":"","format":"standard","meta":{"footnotes":""},"categories":[5],"tags":[235,1314,2863,484],"class_list":["post-23198","post","type-post","status-publish","format-standard","hentry","category-kek-hirek","tag-gyongyos","tag-lakas","tag-mozgasserult","tag-tuz"],"_links":{"self":[{"href":"https:\/\/www.agriatv.hu\/index.php?rest_route=\/wp\/v2\/posts\/23198","targetHints":{"allow":["GET"]}}],"collection":[{"href":"https:\/\/www.agriatv.hu\/index.php?rest_route=\/wp\/v2\/posts"}],"about":[{"href":"https:\/\/www.agriatv.hu\/index.php?rest_route=\/wp\/v2\/types\/post"}],"author":[{"embeddable":true,"href":"https:\/\/www.agriatv.hu\/index.php?rest_route=\/wp\/v2\/users\/4"}],"replies":[{"embeddable":true,"href":"https:\/\/www.agriatv.hu\/index.php?rest_route=%2Fwp%2Fv2%2Fcomments&post=23198"}],"version-history":[{"count":1,"href":"https:\/\/www.agriatv.hu\/index.php?rest_route=\/wp\/v2\/posts\/23198\/revisions"}],"predecessor-version":[{"id":23199,"href":"https:\/\/www.agriatv.hu\/index.php?rest_route=\/wp\/v2\/posts\/23198\/revisions\/23199"}],"wp:attachment":[{"href":"https:\/\/www.agriatv.hu\/index.php?rest_route=%2Fwp%2Fv2%2Fmedia&parent=23198"}],"wp:term":[{"taxonomy":"category","embeddable":true,"href":"https:\/\/www.agriatv.hu\/index.php?rest_route=%2Fwp%2Fv2%2Fcategories&post=23198"},{"taxonomy":"post_tag","embeddable":true,"href":"https:\/\/www.agriatv.hu\/index.php?rest_route=%2Fwp%2Fv2%2Ftags&post=23198"}],"curies":[{"name":"wp","href":"https:\/\/api.w.org\/{rel}","templated":true}]}}