{"id":23230,"date":"2021-09-07T21:41:16","date_gmt":"2021-09-07T21:41:16","guid":{"rendered":"https:\/\/www.agriatv.hu\/?p=23230"},"modified":"2021-09-07T21:41:17","modified_gmt":"2021-09-07T21:41:17","slug":"fem-jarobottal-verte-agyon-lakotarsat","status":"publish","type":"post","link":"https:\/\/www.agriatv.hu\/?p=23230","title":{"rendered":"F\u00e9m j\u00e1r\u00f3bottal verte agyon lak\u00f3t\u00e1rs\u00e1t"},"content":{"rendered":"\n<div class=\"wp-block-image\"><figure class=\"alignleft is-resized\"><img loading=\"lazy\" decoding=\"async\" src=\"https:\/\/cdn.tenyek.hu\/media\/1\/17\/176cc28f1726435f4132ea036ac3ebb5.jpg\" alt=\"Media player poster frame\" width=\"161\" height=\"90\"\/><\/figure><\/div>\n\n\n\n<p>\u00d6sszevesztek, ez\u00e9rt egy f\u00e9m j\u00e1r\u00f3bottal verte agyon lak\u00f3t\u00e1rs\u00e1t egy f\u00e9rfi Arl\u00f3n. Harmadik bar\u00e1tjuk, aki nyilatkozott a T\u00e9nyeknek, \u00e1taludta a gyilkoss\u00e1got. Azt mondta, \u00e9jszaka arra \u00e9bredt, hogy a mell\u00e9khelyis\u00e9gbe kell mennie, ekkor tal\u00e1lta meg a fotelban v\u00e9rz\u0151 fej\u0171 lak\u00f3t\u00e1rs\u00e1t, lemosta a v\u00e9rt, majd visszafek\u00fcdt aludni. A f\u00e9rfi reggel m\u00e1r halott volt.<\/p>\n\n\n\n<div style=\"width: 100%; height: 0px; position: relative; padding-bottom: 56%;\"><iframe src=\"https:\/\/tenyek.hu\/embed\/14456_fem-jarobottal-verte-agyon-lakotarsat\" frameborder=\"0\" allowfullscreen=\"true\" style=\"width: 100%; height: 100%; position: absolute;\"><\/iframe><\/div>\n","protected":false},"excerpt":{"rendered":"<p>\u00d6sszevesztek, ez\u00e9rt egy f\u00e9m j\u00e1r\u00f3bottal verte agyon lak\u00f3t\u00e1rs\u00e1t egy f\u00e9rfi Arl\u00f3n. Harmadik bar\u00e1tjuk, aki nyilatkozott a T\u00e9nyeknek, \u00e1taludta a gyilkoss\u00e1got. Azt mondta, \u00e9jszaka arra \u00e9bredt, hogy a mell\u00e9khelyis\u00e9gbe kell mennie, ekkor tal\u00e1lta meg a fotelban v\u00e9rz\u0151 fej\u0171 lak\u00f3t\u00e1rs\u00e1t, lemosta a v\u00e9rt, majd visszafek\u00fcdt aludni. A f\u00e9rfi reggel m\u00e1r halott volt.<\/p>\n","protected":false},"author":4,"featured_media":0,"comment_status":"open","ping_status":"closed","sticky":false,"template":"","format":"standard","meta":{"footnotes":""},"categories":[5],"tags":[2572,3657,3737,771,122,1751],"class_list":["post-23230","post","type-post","status-publish","format-standard","hentry","category-kek-hirek","tag-arlo","tag-bot","tag-fotel","tag-halal","tag-rendorseg","tag-ver"],"_links":{"self":[{"href":"https:\/\/www.agriatv.hu\/index.php?rest_route=\/wp\/v2\/posts\/23230","targetHints":{"allow":["GET"]}}],"collection":[{"href":"https:\/\/www.agriatv.hu\/index.php?rest_route=\/wp\/v2\/posts"}],"about":[{"href":"https:\/\/www.agriatv.hu\/index.php?rest_route=\/wp\/v2\/types\/post"}],"author":[{"embeddable":true,"href":"https:\/\/www.agriatv.hu\/index.php?rest_route=\/wp\/v2\/users\/4"}],"replies":[{"embeddable":true,"href":"https:\/\/www.agriatv.hu\/index.php?rest_route=%2Fwp%2Fv2%2Fcomments&post=23230"}],"version-history":[{"count":1,"href":"https:\/\/www.agriatv.hu\/index.php?rest_route=\/wp\/v2\/posts\/23230\/revisions"}],"predecessor-version":[{"id":23231,"href":"https:\/\/www.agriatv.hu\/index.php?rest_route=\/wp\/v2\/posts\/23230\/revisions\/23231"}],"wp:attachment":[{"href":"https:\/\/www.agriatv.hu\/index.php?rest_route=%2Fwp%2Fv2%2Fmedia&parent=23230"}],"wp:term":[{"taxonomy":"category","embeddable":true,"href":"https:\/\/www.agriatv.hu\/index.php?rest_route=%2Fwp%2Fv2%2Fcategories&post=23230"},{"taxonomy":"post_tag","embeddable":true,"href":"https:\/\/www.agriatv.hu\/index.php?rest_route=%2Fwp%2Fv2%2Ftags&post=23230"}],"curies":[{"name":"wp","href":"https:\/\/api.w.org\/{rel}","templated":true}]}}