{"id":23250,"date":"2021-09-16T17:15:04","date_gmt":"2021-09-16T17:15:04","guid":{"rendered":"https:\/\/www.agriatv.hu\/?p=23250"},"modified":"2021-09-16T17:15:05","modified_gmt":"2021-09-16T17:15:05","slug":"tegy-jot","status":"publish","type":"post","link":"https:\/\/www.agriatv.hu\/?p=23250","title":{"rendered":"\u201eT\u00e9gy j\u00f3t!\u201d"},"content":{"rendered":"\n<div class=\"wp-block-image\"><figure class=\"alignleft size-large is-resized\"><a href=\"https:\/\/www.agriatv.hu\/wp-content\/uploads\/2021\/09\/veradas0927.png\"><img loading=\"lazy\" decoding=\"async\" src=\"https:\/\/www.agriatv.hu\/wp-content\/uploads\/2021\/09\/veradas0927-724x1024.png\" alt=\"\" class=\"wp-image-23251\" width=\"500\" height=\"707\" srcset=\"https:\/\/www.agriatv.hu\/wp-content\/uploads\/2021\/09\/veradas0927-724x1024.png 724w, https:\/\/www.agriatv.hu\/wp-content\/uploads\/2021\/09\/veradas0927-212x300.png 212w, https:\/\/www.agriatv.hu\/wp-content\/uploads\/2021\/09\/veradas0927-768x1086.png 768w, https:\/\/www.agriatv.hu\/wp-content\/uploads\/2021\/09\/veradas0927-1086x1536.png 1086w, https:\/\/www.agriatv.hu\/wp-content\/uploads\/2021\/09\/veradas0927-1448x2048.png 1448w\" sizes=\"auto, (max-width: 500px) 100vw, 500px\" \/><\/a><\/figure><\/div>\n\n\n\n<p> \u2013 ezzel a mott\u00f3val 2016-ban szervezett el\u0151sz\u00f6r v\u00e9rad\u00e1st a Szent Istv\u00e1n R\u00e1di\u00f3 \u00e9s Telev\u00edzi\u00f3. Az\u00f3ta minden \u00e9vben \u0151sz elej\u00e9n \u00e9letre h\u00edvjuk a programot.<\/p>\n\n\n\n<p>2021. szeptember 27-\u00e9n, h\u00e9tf\u0151n&nbsp; 14 \u00f3r\u00e1t\u00f3l 18 \u00f3r\u00e1ig a megszokott helysz\u00ednen, az Egri \u00c9rseki Palot\u00e1ban v\u00e1rjuk a v\u00e9rad\u00f3kat.&nbsp; Minden \u00f6nzetlen seg\u00edt\u0151nek aj\u00e1nd\u00e9kcsomaggal kedvesked\u00fcnk.<\/p>\n\n\n\n<p>Az esem\u00e9ny a Magyar V\u00f6r\u00f6skereszt \u00e9s a Ter\u00fcleti V\u00e9rell\u00e1t\u00f3 seg\u00edts\u00e9g\u00e9vel, az Egri \u00c9rseki Palota Turisztikai L\u00e1togat\u00f3k\u00f6zpont t\u00e1mogat\u00e1s\u00e1val val\u00f3sul meg.<\/p>\n","protected":false},"excerpt":{"rendered":"<p> \u2013 ezzel a mott\u00f3val 2016-ban szervezett el\u0151sz\u00f6r v\u00e9rad\u00e1st a Szent Istv\u00e1n R\u00e1di\u00f3 \u00e9s Telev\u00edzi\u00f3. Az\u00f3ta minden \u00e9vben \u0151sz elej\u00e9n \u00e9letre h\u00edvjuk a programot.<\/p>\n<p>2021. szeptember 27-\u00e9n, h\u00e9tf\u0151n&nbsp; 14 \u00f3r\u00e1t\u00f3l 18 \u00f3r\u00e1ig a megszokott helysz\u00ednen, az Egri \u00c9rseki Palot\u00e1ban v\u00e1rjuk a v\u00e9rad\u00f3kat.&nbsp; Minden \u00f6nzetlen seg\u00edt\u0151nek aj\u00e1nd\u00e9kcsomaggal kedvesked\u00fcnk.<\/p>\n<p>Az esem\u00e9ny a Magyar V\u00f6r\u00f6skereszt \u00e9s a Ter\u00fcleti V\u00e9rell\u00e1t\u00f3 seg\u00edts\u00e9g\u00e9vel, [&#8230;]<\/p>\n","protected":false},"author":4,"featured_media":0,"comment_status":"open","ping_status":"closed","sticky":false,"template":"","format":"standard","meta":{"footnotes":""},"categories":[6,19,4],"tags":[36,3747,3748,3749,45,282],"class_list":["post-23250","post","type-post","status-publish","format-standard","hentry","category-belfold","category-egeszseg","category-szabadido","tag-eger","tag-erseki-palota","tag-onzetlen","tag-segito","tag-veradas","tag-voroskereszt"],"_links":{"self":[{"href":"https:\/\/www.agriatv.hu\/index.php?rest_route=\/wp\/v2\/posts\/23250","targetHints":{"allow":["GET"]}}],"collection":[{"href":"https:\/\/www.agriatv.hu\/index.php?rest_route=\/wp\/v2\/posts"}],"about":[{"href":"https:\/\/www.agriatv.hu\/index.php?rest_route=\/wp\/v2\/types\/post"}],"author":[{"embeddable":true,"href":"https:\/\/www.agriatv.hu\/index.php?rest_route=\/wp\/v2\/users\/4"}],"replies":[{"embeddable":true,"href":"https:\/\/www.agriatv.hu\/index.php?rest_route=%2Fwp%2Fv2%2Fcomments&post=23250"}],"version-history":[{"count":1,"href":"https:\/\/www.agriatv.hu\/index.php?rest_route=\/wp\/v2\/posts\/23250\/revisions"}],"predecessor-version":[{"id":23252,"href":"https:\/\/www.agriatv.hu\/index.php?rest_route=\/wp\/v2\/posts\/23250\/revisions\/23252"}],"wp:attachment":[{"href":"https:\/\/www.agriatv.hu\/index.php?rest_route=%2Fwp%2Fv2%2Fmedia&parent=23250"}],"wp:term":[{"taxonomy":"category","embeddable":true,"href":"https:\/\/www.agriatv.hu\/index.php?rest_route=%2Fwp%2Fv2%2Fcategories&post=23250"},{"taxonomy":"post_tag","embeddable":true,"href":"https:\/\/www.agriatv.hu\/index.php?rest_route=%2Fwp%2Fv2%2Ftags&post=23250"}],"curies":[{"name":"wp","href":"https:\/\/api.w.org\/{rel}","templated":true}]}}