{"id":23271,"date":"2021-09-25T18:54:42","date_gmt":"2021-09-25T18:54:42","guid":{"rendered":"https:\/\/www.agriatv.hu\/?p=23271"},"modified":"2021-09-25T18:54:43","modified_gmt":"2021-09-25T18:54:43","slug":"vasarnap-akar-29-fok-is-lehet","status":"publish","type":"post","link":"https:\/\/www.agriatv.hu\/?p=23271","title":{"rendered":"Vas\u00e1rnap ak\u00e1r 29 fok is lehet"},"content":{"rendered":"\n<div class=\"wp-block-image\"><figure class=\"alignleft is-resized\"><img loading=\"lazy\" decoding=\"async\" src=\"https:\/\/cdn.tenyek.hu\/media\/9\/98\/980338cc6f16dd1f27c4d59c9c5b02ac.jpg\" alt=\"Media player poster frame\" width=\"209\" height=\"117\"\/><\/figure><\/div>\n\n\n\n<p>El\u00f6z\u00f6nl\u00f6tt\u00e9k az emberek a kir\u00e1ndul\u00f3helyeket, rengetegen t\u00far\u00e1ztak a Szalajka-v\u00f6lgyben, de a Balatonn\u00e1l is sokan fagyiztak \u00e9s bicikliztek a j\u00f3 id\u0151ben. A ny\u00e1rias meleg holnap is folytat\u00f3dik majd, az orsz\u00e1g d\u00e9li r\u00e9sz\u00e9n ak\u00e1r 29 fok is lehet. H\u00e9tf\u0151n viszont m\u00e1r \u00e9rkezik a leh\u0171l\u00e9s, z\u00e1porokkal, zivatarokkal. A j\u00f6v\u0151 h\u00e9ten m\u00e1r csak n\u00e9h\u00e1ny helyen \u00e9ri majd el a 20 fokot napk\u00f6zben a h\u0151m\u00e9rs\u00e9klet.<\/p>\n\n\n\n<div style=\"width: 100%; height: 0px; position: relative; padding-bottom: 56%;\"><iframe src=\"https:\/\/tenyek.hu\/embed\/15043_vasarnap-akar-29-fok-is-lehet\" frameborder=\"0\" allowfullscreen=\"true\" style=\"width: 100%; height: 100%; position: absolute;\"><\/iframe><\/div>\n","protected":false},"excerpt":{"rendered":"<p>El\u00f6z\u00f6nl\u00f6tt\u00e9k az emberek a kir\u00e1ndul\u00f3helyeket, rengetegen t\u00far\u00e1ztak a Szalajka-v\u00f6lgyben, de a Balatonn\u00e1l is sokan fagyiztak \u00e9s bicikliztek a j\u00f3 id\u0151ben. A ny\u00e1rias meleg holnap is folytat\u00f3dik majd, az orsz\u00e1g d\u00e9li r\u00e9sz\u00e9n ak\u00e1r 29 fok is lehet. H\u00e9tf\u0151n viszont m\u00e1r \u00e9rkezik a leh\u0171l\u00e9s, z\u00e1porokkal, zivatarokkal. A j\u00f6v\u0151 h\u00e9ten m\u00e1r csak n\u00e9h\u00e1ny helyen \u00e9ri majd el a [&#8230;]<\/p>\n","protected":false},"author":4,"featured_media":0,"comment_status":"open","ping_status":"closed","sticky":false,"template":"","format":"standard","meta":{"footnotes":""},"categories":[6,19,4],"tags":[1105,1911,3117,1305],"class_list":["post-23271","post","type-post","status-publish","format-standard","hentry","category-belfold","category-egeszseg","category-szabadido","tag-kirandulas","tag-meleg","tag-osz","tag-szilvasvarad"],"_links":{"self":[{"href":"https:\/\/www.agriatv.hu\/index.php?rest_route=\/wp\/v2\/posts\/23271","targetHints":{"allow":["GET"]}}],"collection":[{"href":"https:\/\/www.agriatv.hu\/index.php?rest_route=\/wp\/v2\/posts"}],"about":[{"href":"https:\/\/www.agriatv.hu\/index.php?rest_route=\/wp\/v2\/types\/post"}],"author":[{"embeddable":true,"href":"https:\/\/www.agriatv.hu\/index.php?rest_route=\/wp\/v2\/users\/4"}],"replies":[{"embeddable":true,"href":"https:\/\/www.agriatv.hu\/index.php?rest_route=%2Fwp%2Fv2%2Fcomments&post=23271"}],"version-history":[{"count":1,"href":"https:\/\/www.agriatv.hu\/index.php?rest_route=\/wp\/v2\/posts\/23271\/revisions"}],"predecessor-version":[{"id":23272,"href":"https:\/\/www.agriatv.hu\/index.php?rest_route=\/wp\/v2\/posts\/23271\/revisions\/23272"}],"wp:attachment":[{"href":"https:\/\/www.agriatv.hu\/index.php?rest_route=%2Fwp%2Fv2%2Fmedia&parent=23271"}],"wp:term":[{"taxonomy":"category","embeddable":true,"href":"https:\/\/www.agriatv.hu\/index.php?rest_route=%2Fwp%2Fv2%2Fcategories&post=23271"},{"taxonomy":"post_tag","embeddable":true,"href":"https:\/\/www.agriatv.hu\/index.php?rest_route=%2Fwp%2Fv2%2Ftags&post=23271"}],"curies":[{"name":"wp","href":"https:\/\/api.w.org\/{rel}","templated":true}]}}