{"id":23296,"date":"2021-10-10T06:37:19","date_gmt":"2021-10-10T06:37:19","guid":{"rendered":"https:\/\/www.agriatv.hu\/?p=23296"},"modified":"2021-10-10T06:37:20","modified_gmt":"2021-10-10T06:37:20","slug":"nem-vette-eszre-a-sofor-hogy-gazolt","status":"publish","type":"post","link":"https:\/\/www.agriatv.hu\/?p=23296","title":{"rendered":"Nem vette \u00e9szre a sof\u0151r, hogy g\u00e1zolt"},"content":{"rendered":"\n<div class=\"wp-block-image\"><figure class=\"alignleft is-resized\"><img loading=\"lazy\" decoding=\"async\" src=\"https:\/\/cdn.tenyek.hu\/media\/e\/e8\/e8eef933cedd7a1865563d59cd26f92f.jpg\" alt=\"Media player poster frame\" width=\"190\" height=\"106\"\/><\/figure><\/div>\n\n\n\n<p>Megsz\u00f6k\u00f6tt a k\u00f3rh\u00e1zb\u00f3l az a f\u00e9rfi, akit hal\u00e1lra g\u00e1zoltak Gy\u00f6ngy\u00f6sn\u00e9l. Az aut\u00f3ban egy csal\u00e1d \u00fclt k\u00e9t gyerekkel, \u00e9ppen egy kempingbe tartottak. A sof\u0151r l\u00e1tta a s\u00f6t\u00e9tben az \u00fat k\u00f6zep\u00e9n s\u00e9t\u00e1l\u00f3 embert, f\u00e9lre is h\u00faz\u00f3dott, azonban a lak\u00f3kocsi, amit vontattak, elsodorhatta. Ezt azonban az aut\u00f3s csak k\u00e9s\u0151bb vette \u00e9szre. Ekkor visszat\u00e9rt a helysz\u00ednre, de az el\u00fct\u00f6tt f\u00e9rfi addigra meghalt. Az M1-es aut\u00f3p\u00e1ly\u00e1n pedig a le\u00e1ll\u00f3s\u00e1vban s\u00e9t\u00e1lt egy f\u00e9rfi, \u0151t is hal\u00e1lra g\u00e1zolt\u00e1k.<\/p>\n\n\n\n<div style=\"width: 100%; height: 0px; position: relative; padding-bottom: 56%;\"><iframe src=\"https:\/\/tenyek.hu\/embed\/15471_nem-vette-eszre-a-sofor-hogy-gazolt\" frameborder=\"0\" allowfullscreen=\"true\" style=\"width: 100%; height: 100%; position: absolute;\"><\/iframe><\/div>\n\n\n\n<p>Hal\u00e1lra g\u00e1zolt egy lak\u00f3kocsit vontat\u00f3 aut\u00f3 egy f\u00e9rfit Gy\u00f6ngy\u00f6s k\u00f6zel\u00e9ben, a 24\u2013es \u00faton \u00e9jszaka. A sof\u0151r nem \u00e1llt meg, de nem sokkal k\u00e9s\u0151bb visszament a helysz\u00ednre. A rend\u0151r\u00f6knek azt mondta, az\u00e9rt hajtott el, mert csak egy tompa puffan\u00e1st hallott, \u00e9s azt hitte, r\u00e1\u00fct\u00f6ttek a kocsij\u00e1ra. Egy apr\u00f3 s\u00e9r\u00fcl\u00e9s miatt viszont k\u00e9s\u0151bb m\u00e9gis visszament. M\u00e1sik hal\u00e1los gyalogosg\u00e1zol\u00e1s is t\u00f6rt\u00e9nt: az M1-es aut\u00f3p\u00e1ly\u00e1n Kisigm\u00e1nd k\u00f6zel\u00e9ben egy rom\u00e1n f\u00e9rfit \u00fct\u00f6tt el egy aut\u00f3.<\/p>\n\n\n\n<div style=\"width: 100%; height: 0px; position: relative; padding-bottom: 56%;\"><iframe src=\"https:\/\/embed.rtl.hu\/embed\/1746386?autoplay=0\" frameborder=\"0\" allowfullscreen=\"true\" style=\"width: 100%; height: 100%; position: absolute;\"><\/iframe><\/div>\n","protected":false},"excerpt":{"rendered":"<p>Megsz\u00f6k\u00f6tt a k\u00f3rh\u00e1zb\u00f3l az a f\u00e9rfi, akit hal\u00e1lra g\u00e1zoltak Gy\u00f6ngy\u00f6sn\u00e9l. Az aut\u00f3ban egy csal\u00e1d \u00fclt k\u00e9t gyerekkel, \u00e9ppen egy kempingbe tartottak. A sof\u0151r l\u00e1tta a s\u00f6t\u00e9tben az \u00fat k\u00f6zep\u00e9n s\u00e9t\u00e1l\u00f3 embert, f\u00e9lre is h\u00faz\u00f3dott, azonban a lak\u00f3kocsi, amit vontattak, elsodorhatta. Ezt azonban az aut\u00f3s csak k\u00e9s\u0151bb vette \u00e9szre. Ekkor visszat\u00e9rt a helysz\u00ednre, de az el\u00fct\u00f6tt [&#8230;]<\/p>\n","protected":false},"author":4,"featured_media":0,"comment_status":"open","ping_status":"closed","sticky":false,"template":"","format":"standard","meta":{"footnotes":""},"categories":[5],"tags":[41,235,454,3760,2946,2758],"class_list":["post-23296","post","type-post","status-publish","format-standard","hentry","category-kek-hirek","tag-baleset","tag-gyongyos","tag-helyszin","tag-lakokocsi","tag-sotet","tag-utanfuto"],"_links":{"self":[{"href":"https:\/\/www.agriatv.hu\/index.php?rest_route=\/wp\/v2\/posts\/23296","targetHints":{"allow":["GET"]}}],"collection":[{"href":"https:\/\/www.agriatv.hu\/index.php?rest_route=\/wp\/v2\/posts"}],"about":[{"href":"https:\/\/www.agriatv.hu\/index.php?rest_route=\/wp\/v2\/types\/post"}],"author":[{"embeddable":true,"href":"https:\/\/www.agriatv.hu\/index.php?rest_route=\/wp\/v2\/users\/4"}],"replies":[{"embeddable":true,"href":"https:\/\/www.agriatv.hu\/index.php?rest_route=%2Fwp%2Fv2%2Fcomments&post=23296"}],"version-history":[{"count":1,"href":"https:\/\/www.agriatv.hu\/index.php?rest_route=\/wp\/v2\/posts\/23296\/revisions"}],"predecessor-version":[{"id":23297,"href":"https:\/\/www.agriatv.hu\/index.php?rest_route=\/wp\/v2\/posts\/23296\/revisions\/23297"}],"wp:attachment":[{"href":"https:\/\/www.agriatv.hu\/index.php?rest_route=%2Fwp%2Fv2%2Fmedia&parent=23296"}],"wp:term":[{"taxonomy":"category","embeddable":true,"href":"https:\/\/www.agriatv.hu\/index.php?rest_route=%2Fwp%2Fv2%2Fcategories&post=23296"},{"taxonomy":"post_tag","embeddable":true,"href":"https:\/\/www.agriatv.hu\/index.php?rest_route=%2Fwp%2Fv2%2Ftags&post=23296"}],"curies":[{"name":"wp","href":"https:\/\/api.w.org\/{rel}","templated":true}]}}