{"id":23306,"date":"2021-10-18T19:15:27","date_gmt":"2021-10-18T19:15:27","guid":{"rendered":"https:\/\/www.agriatv.hu\/?p=23306"},"modified":"2021-10-18T19:15:27","modified_gmt":"2021-10-18T19:15:27","slug":"lancfuresszel-mentettek-a-serult-turazot","status":"publish","type":"post","link":"https:\/\/www.agriatv.hu\/?p=23306","title":{"rendered":"L\u00e1ncf\u0171r\u00e9sszel mentett\u00e9k a s\u00e9r\u00fclt t\u00far\u00e1z\u00f3t"},"content":{"rendered":"\n<div class=\"wp-block-image\"><figure class=\"alignleft is-resized\"><img loading=\"lazy\" decoding=\"async\" src=\"https:\/\/cdn.tenyek.hu\/media\/b\/bb\/bbee42b2e7ee2efe93fbea4548204d69.jpg\" alt=\"Media player poster frame\" width=\"188\" height=\"105\"\/><\/figure><\/div>\n\n\n\n<p>Egy \u00fajabb bajba jut\u00f3 kir\u00e1ndul\u00f3t kellett menteni\u00fck a t\u0171zolt\u00f3knak. Most M\u00e1traszentimre k\u00f6zel\u00e9be riasztott\u00e1k \u0151ket egy szikl\u00e1n rekedt t\u00far\u00e1z\u00f3hoz. A fiatal f\u00e9rfi m\u00e1r nem tudott lej\u00f6nni egyed\u00fcl, kider\u00fclt, hogy a szikl\u00e1n megcs\u00faszott \u00e9s kificamodott a v\u00e1lla. A ment\u00e9se t\u00f6bb \u00f3r\u00e1n \u00e1t tartott. A szakemberek arra figyelmeztetnek, hogy az \u0151szi kir\u00e1ndul\u00e1sokkor mindenki legyen \u00f3vatos, mert a cs\u00fasz\u00f3s avaron k\u00f6nnyen t\u00f6rt\u00e9nhet trag\u00e9dia.<\/p>\n\n\n\n<div style=\"width: 100%; height: 0px; position: relative; padding-bottom: 56%;\"><iframe src=\"https:\/\/tenyek.hu\/embed\/15763_lancfuresszel-mentettek-a-serult-turazot\" frameborder=\"0\" allowfullscreen=\"true\" style=\"width: 100%; height: 100%; position: absolute;\"><\/iframe><\/div>\n","protected":false},"excerpt":{"rendered":"<p>Egy \u00fajabb bajba jut\u00f3 kir\u00e1ndul\u00f3t kellett menteni\u00fck a t\u0171zolt\u00f3knak. Most M\u00e1traszentimre k\u00f6zel\u00e9be riasztott\u00e1k \u0151ket egy szikl\u00e1n rekedt t\u00far\u00e1z\u00f3hoz. A fiatal f\u00e9rfi m\u00e1r nem tudott lej\u00f6nni egyed\u00fcl, kider\u00fclt, hogy a szikl\u00e1n megcs\u00faszott \u00e9s kificamodott a v\u00e1lla. A ment\u00e9se t\u00f6bb \u00f3r\u00e1n \u00e1t tartott. A szakemberek arra figyelmeztetnek, hogy az \u0151szi kir\u00e1ndul\u00e1sokkor mindenki legyen \u00f3vatos, mert a cs\u00fasz\u00f3s [&#8230;]<\/p>\n","protected":false},"author":4,"featured_media":0,"comment_status":"open","ping_status":"closed","sticky":false,"template":"","format":"standard","meta":{"footnotes":""},"categories":[6,5,4],"tags":[1870,1447,1635],"class_list":["post-23306","post","type-post","status-publish","format-standard","hentry","category-belfold","category-kek-hirek","category-szabadido","tag-kirandulo","tag-mentes","tag-szikla"],"_links":{"self":[{"href":"https:\/\/www.agriatv.hu\/index.php?rest_route=\/wp\/v2\/posts\/23306","targetHints":{"allow":["GET"]}}],"collection":[{"href":"https:\/\/www.agriatv.hu\/index.php?rest_route=\/wp\/v2\/posts"}],"about":[{"href":"https:\/\/www.agriatv.hu\/index.php?rest_route=\/wp\/v2\/types\/post"}],"author":[{"embeddable":true,"href":"https:\/\/www.agriatv.hu\/index.php?rest_route=\/wp\/v2\/users\/4"}],"replies":[{"embeddable":true,"href":"https:\/\/www.agriatv.hu\/index.php?rest_route=%2Fwp%2Fv2%2Fcomments&post=23306"}],"version-history":[{"count":1,"href":"https:\/\/www.agriatv.hu\/index.php?rest_route=\/wp\/v2\/posts\/23306\/revisions"}],"predecessor-version":[{"id":23307,"href":"https:\/\/www.agriatv.hu\/index.php?rest_route=\/wp\/v2\/posts\/23306\/revisions\/23307"}],"wp:attachment":[{"href":"https:\/\/www.agriatv.hu\/index.php?rest_route=%2Fwp%2Fv2%2Fmedia&parent=23306"}],"wp:term":[{"taxonomy":"category","embeddable":true,"href":"https:\/\/www.agriatv.hu\/index.php?rest_route=%2Fwp%2Fv2%2Fcategories&post=23306"},{"taxonomy":"post_tag","embeddable":true,"href":"https:\/\/www.agriatv.hu\/index.php?rest_route=%2Fwp%2Fv2%2Ftags&post=23306"}],"curies":[{"name":"wp","href":"https:\/\/api.w.org\/{rel}","templated":true}]}}