{"id":23356,"date":"2021-11-18T18:41:08","date_gmt":"2021-11-18T18:41:08","guid":{"rendered":"https:\/\/www.agriatv.hu\/?p=23356"},"modified":"2021-11-18T18:41:12","modified_gmt":"2021-11-18T18:41:12","slug":"tragikus-baleset-az-auto-osszes-utasa-megserult-a-balesetben","status":"publish","type":"post","link":"https:\/\/www.agriatv.hu\/?p=23356","title":{"rendered":"Tragikus baleset: az aut\u00f3 \u00f6sszes utasa megs\u00e9r\u00fclt a balesetben"},"content":{"rendered":"\n\n\n<p>Tragikus baleset t\u00f6rt\u00e9nt Eger \u00e9s Szarvask\u0151 k\u00f6z\u00f6tt. Egy ember meghalt, amikor \u00f6ssze\u00fctk\u00f6z\u00f6tt egy aut\u00f3 \u00e9s egy teheraut\u00f3. Az kocsiban n\u00e9gyen utaztak, mindannyian megs\u00e9r\u00fcltek. A t\u0171zolt\u00f3k fesz\u00edt\u0151v\u00e1g\u00f3val v\u00e1gt\u00e1k ki \u0151ket a roncsb\u00f3l. Az egyik utason m\u00e1r nem tudtak seg\u00edteni, a helysz\u00ednen meghalt. Egy negyven \u00e9v k\u00f6r\u00fcli f\u00e9rfit \u00e9letvesz\u00e9lyes \u00e1llapotban vittek k\u00f3rh\u00e1zba, ketten pedig k\u00f6nnyebben megs\u00e9r\u00fcltek.<\/p>\n\n\n\n<div style=\"width: 100%; height: 0px; position: relative; padding-bottom: 56%;\"><iframe src=\"https:\/\/embed.rtl.hu\/embed\/1761986?autoplay=0\" frameborder=\"0\" allowfullscreen=\"true\" style=\"width: 100%; height: 100%; position: absolute;\"><\/iframe><\/div>\n","protected":false},"excerpt":{"rendered":"<p>Tragikus baleset t\u00f6rt\u00e9nt Eger \u00e9s Szarvask\u0151 k\u00f6z\u00f6tt. Egy ember meghalt, amikor \u00f6ssze\u00fctk\u00f6z\u00f6tt egy aut\u00f3 \u00e9s egy teheraut\u00f3. Az kocsiban n\u00e9gyen utaztak, mindannyian megs\u00e9r\u00fcltek. A t\u0171zolt\u00f3k fesz\u00edt\u0151v\u00e1g\u00f3val v\u00e1gt\u00e1k ki \u0151ket a roncsb\u00f3l. Az egyik utason m\u00e1r nem tudtak seg\u00edteni, a helysz\u00ednen meghalt. Egy negyven \u00e9v k\u00f6r\u00fcli f\u00e9rfit \u00e9letvesz\u00e9lyes \u00e1llapotban vittek k\u00f3rh\u00e1zba, ketten pedig k\u00f6nnyebben megs\u00e9r\u00fcltek.<\/p>\n","protected":false},"author":4,"featured_media":0,"comment_status":"open","ping_status":"closed","sticky":false,"template":"","format":"standard","meta":{"footnotes":""},"categories":[5],"tags":[41,36,1583,876,458,1925],"class_list":["post-23356","post","type-post","status-publish","format-standard","hentry","category-kek-hirek","tag-baleset","tag-eger","tag-felnemet","tag-helikopter","tag-serult","tag-utzar"],"_links":{"self":[{"href":"https:\/\/www.agriatv.hu\/index.php?rest_route=\/wp\/v2\/posts\/23356","targetHints":{"allow":["GET"]}}],"collection":[{"href":"https:\/\/www.agriatv.hu\/index.php?rest_route=\/wp\/v2\/posts"}],"about":[{"href":"https:\/\/www.agriatv.hu\/index.php?rest_route=\/wp\/v2\/types\/post"}],"author":[{"embeddable":true,"href":"https:\/\/www.agriatv.hu\/index.php?rest_route=\/wp\/v2\/users\/4"}],"replies":[{"embeddable":true,"href":"https:\/\/www.agriatv.hu\/index.php?rest_route=%2Fwp%2Fv2%2Fcomments&post=23356"}],"version-history":[{"count":1,"href":"https:\/\/www.agriatv.hu\/index.php?rest_route=\/wp\/v2\/posts\/23356\/revisions"}],"predecessor-version":[{"id":23357,"href":"https:\/\/www.agriatv.hu\/index.php?rest_route=\/wp\/v2\/posts\/23356\/revisions\/23357"}],"wp:attachment":[{"href":"https:\/\/www.agriatv.hu\/index.php?rest_route=%2Fwp%2Fv2%2Fmedia&parent=23356"}],"wp:term":[{"taxonomy":"category","embeddable":true,"href":"https:\/\/www.agriatv.hu\/index.php?rest_route=%2Fwp%2Fv2%2Fcategories&post=23356"},{"taxonomy":"post_tag","embeddable":true,"href":"https:\/\/www.agriatv.hu\/index.php?rest_route=%2Fwp%2Fv2%2Ftags&post=23356"}],"curies":[{"name":"wp","href":"https:\/\/api.w.org\/{rel}","templated":true}]}}