{"id":23379,"date":"2021-12-02T18:34:37","date_gmt":"2021-12-02T18:34:37","guid":{"rendered":"https:\/\/www.agriatv.hu\/?p=23379"},"modified":"2021-12-02T18:34:39","modified_gmt":"2021-12-02T18:34:39","slug":"negy-gyerekkel-menekultek-a-langok-elol","status":"publish","type":"post","link":"https:\/\/www.agriatv.hu\/?p=23379","title":{"rendered":"N\u00e9gy gyerekkel menek\u00fcltek a l\u00e1ngok el\u0151l"},"content":{"rendered":"\n<div class=\"wp-block-image\"><figure class=\"alignleft is-resized\"><img loading=\"lazy\" decoding=\"async\" src=\"https:\/\/cdn.tenyek.hu\/media\/4\/4c\/4c8f99d581edd32537954c0e352a8578.jpg\" alt=\"Media player poster frame\" width=\"213\" height=\"119\"\/><\/figure><\/div>\n\n\n\n<p>N\u00e9gy gyerek\u00e9vel menek\u00fclt ki az \u00e9g\u0151 h\u00e1zb\u00f3l egy asszony Jobb\u00e1gyiban. Minden\u00fck odalett, pedig \u00e9ppen az\u00e9rt b\u00e9relt\u00e9k a ki\u00e9gett \u00e9p\u00fcletet, mert a saj\u00e1t h\u00e1zuk megd\u0151lt \u00e9s lakhatatlann\u00e1 v\u00e1lt. Minden\u00fck el\u00e9gett, a gyerekek \u00f6sszes holmija is. Nagyon gyorsan terjedt a t\u0171z, mire a csal\u00e1df\u0151 haza\u00e9rt, m\u00e1r menthetetlen volt minden. V\u00e9g\u00fcl a t\u0171zolt\u00f3k f\u00e9kezt\u00e9k meg a l\u00e1ngokat.<\/p>\n\n\n\n<div style=\"width: 100%; height: 0px; position: relative; padding-bottom: 56%;\"><iframe src=\"https:\/\/tenyek.hu\/embed\/17160_negy-gyerekkel-menekultek-a-langok-elol\" frameborder=\"0\" allowfullscreen=\"true\" style=\"width: 100%; height: 100%; position: absolute;\"><\/iframe><\/div>\n","protected":false},"excerpt":{"rendered":"<p>N\u00e9gy gyerek\u00e9vel menek\u00fclt ki az \u00e9g\u0151 h\u00e1zb\u00f3l egy asszony Jobb\u00e1gyiban. Minden\u00fck odalett, pedig \u00e9ppen az\u00e9rt b\u00e9relt\u00e9k a ki\u00e9gett \u00e9p\u00fcletet, mert a saj\u00e1t h\u00e1zuk megd\u0151lt \u00e9s lakhatatlann\u00e1 v\u00e1lt. Minden\u00fck el\u00e9gett, a gyerekek \u00f6sszes holmija is. Nagyon gyorsan terjedt a t\u0171z, mire a csal\u00e1df\u0151 haza\u00e9rt, m\u00e1r menthetetlen volt minden. V\u00e9g\u00fcl a t\u0171zolt\u00f3k f\u00e9kezt\u00e9k meg a l\u00e1ngokat.<\/p>\n","protected":false},"author":4,"featured_media":0,"comment_status":"open","ping_status":"closed","sticky":false,"template":"","format":"standard","meta":{"footnotes":""},"categories":[5],"tags":[487,320,1452,3106,484,161],"class_list":["post-23379","post","type-post","status-publish","format-standard","hentry","category-kek-hirek","tag-csalad","tag-gyermek","tag-haz","tag-jobbagyi","tag-tuz","tag-tuzolto"],"_links":{"self":[{"href":"https:\/\/www.agriatv.hu\/index.php?rest_route=\/wp\/v2\/posts\/23379","targetHints":{"allow":["GET"]}}],"collection":[{"href":"https:\/\/www.agriatv.hu\/index.php?rest_route=\/wp\/v2\/posts"}],"about":[{"href":"https:\/\/www.agriatv.hu\/index.php?rest_route=\/wp\/v2\/types\/post"}],"author":[{"embeddable":true,"href":"https:\/\/www.agriatv.hu\/index.php?rest_route=\/wp\/v2\/users\/4"}],"replies":[{"embeddable":true,"href":"https:\/\/www.agriatv.hu\/index.php?rest_route=%2Fwp%2Fv2%2Fcomments&post=23379"}],"version-history":[{"count":1,"href":"https:\/\/www.agriatv.hu\/index.php?rest_route=\/wp\/v2\/posts\/23379\/revisions"}],"predecessor-version":[{"id":23380,"href":"https:\/\/www.agriatv.hu\/index.php?rest_route=\/wp\/v2\/posts\/23379\/revisions\/23380"}],"wp:attachment":[{"href":"https:\/\/www.agriatv.hu\/index.php?rest_route=%2Fwp%2Fv2%2Fmedia&parent=23379"}],"wp:term":[{"taxonomy":"category","embeddable":true,"href":"https:\/\/www.agriatv.hu\/index.php?rest_route=%2Fwp%2Fv2%2Fcategories&post=23379"},{"taxonomy":"post_tag","embeddable":true,"href":"https:\/\/www.agriatv.hu\/index.php?rest_route=%2Fwp%2Fv2%2Ftags&post=23379"}],"curies":[{"name":"wp","href":"https:\/\/api.w.org\/{rel}","templated":true}]}}