{"id":2338,"date":"2010-10-11T16:10:43","date_gmt":"2010-10-11T16:10:43","guid":{"rendered":"http:\/\/www.agriatv.hu\/?p=2338"},"modified":"2010-10-11T16:10:43","modified_gmt":"2010-10-11T16:10:43","slug":"akar-harminc-szazalekkal-is-dragulhat-a-tavfutes-egerben","status":"publish","type":"post","link":"https:\/\/www.agriatv.hu\/?p=2338","title":{"rendered":"Ak\u00e1r harminc sz\u00e1zal\u00e9kkal is dr\u00e1gulhat a t\u00e1vf\u0171t\u00e9s Egerben"},"content":{"rendered":"<p><img loading=\"lazy\" decoding=\"async\" class=\"alignleft\" src=\"http:\/\/www.egriszin.hu\/RenderedContents\/IndexImages\/6\/6423-20101011013216-tavho2.jpg\" alt=\"\" width=\"150\" height=\"90\" \/><strong>Janu\u00e1rt\u00f3l \u00fagy fest, hogy t\u00f6bbet kell fizetn\u00fcnk a t\u00e1vh\u0151\u00e9rt Egerben.  A jelenlegi 2950 Ft\/GJ h\u0151d\u00edjb\u00f3l minimum 3800 Ft\/GJ lehet, \u00e9s a 441  Ft\/lm3\/\u00e9v alapd\u00edj is n\u00f6vekedni fog \u2013 nyilatkozta szerkeszt\u0151s\u00e9g\u00fcnknek  Zsebe Albert, az EVAT Zrt. t\u00e1vh\u0151 div\u00edzi\u00f3vezet\u0151je.<\/strong><\/p>\n<div>A  fogyaszt\u00f3knak f\u0171t\u00e9s kapcs\u00e1n alapd\u00edjat \u00e9s h\u0151d\u00edjat kell fizetni\u00fck. Az  alapd\u00edj a szolg\u00e1ltat\u00f3 \u00e1lland\u00f3 k\u00f6lts\u00e9geire ny\u00fajt fedezetet: a  szolg\u00e1ltat\u00f3i berendez\u00e9sek \u00fczemeltet\u00e9se, fenntart\u00e1sa, jav\u00edt\u00e1sa, stb. Ezt a  d\u00edjat akkor is ki kell fizetni, ha nem v\u00e9telez h\u0151t a felhaszn\u00e1l\u00f3. Az  alapd\u00edjat a haszn\u00e1latban \u00e1ll\u00f3, f\u0171thet\u0151 helyis\u00e9gek l\u00e9gt\u00e9rfogata ut\u00e1n kell  fizetni havonta egyenl\u0151 r\u00e9szletekben. Egy \u00e1tlagos, k\u00f6zepes m\u00e9ret\u0171 egri  lak\u00e1s (135 lm3) alapd\u00edja 62.512 forint \u00e9vente, ami k\u00e9t \u00e9ve nem  emelkedett. A jelenlegi \u00f6sszeg m\u00e1r nem tarthat\u00f3. Nem csak az \u00e1ltal\u00e1nos  \u00e1rdr\u00e1gul\u00e1s vagy infl\u00e1ci\u00f3 miatt, hanem mert nagyon komoly v\u00e1ltoz\u00e1s  t\u00f6rt\u00e9nt az eg\u00e9sz energiaell\u00e1t\u00e1sban \u2013 mondta Zsebe Albert.<\/div>\n<div>Egerben  \u00e9s sok m\u00e1s v\u00e1rosban a h\u0151 jelent\u0151s r\u00e9sze kapcsolt h\u0151- \u00e9s  villamosenergia-termel\u00e9s keret\u00e9ben ker\u00fcl ki, azaz g\u00e1zmotorokat  m\u0171k\u00f6dtettek. Alapvet\u0151en villamosenergi\u00e1t termeltek, amit k\u00f6zc\u00e9l\u00fa  h\u00e1l\u00f3zatban \u00e9rt\u00e9kes\u00edtett\u00fck, s az ek\u00f6zben keletkezett h\u0151t hasznos\u00edtottuk a  t\u00e1vf\u0171t\u00e9si rendszerben. Egyr\u00e9szt ez a h\u0151 \u00edgy olcs\u00f3bb volt, mintha  puszt\u00e1n g\u00e1zb\u00f3l \u00e1ll\u00edtottuk volna el\u0151, m\u00e1sr\u00e9szt egy idegen befektet\u0151  tulajdona a g\u00e1zmotoros kiser\u0151m\u0171, v\u00e1llalva az \u00fczemeltet\u00e9si feladatait a  t\u00e1vh\u0151 bev\u00e9telekhez jutott, s ez az alapd\u00edjat cs\u00f6kkentette \u2013 tudtuk meg a  div\u00edzi\u00f3vezet\u0151t\u0151l.<\/div>\n<div>A  jogszab\u00e1lyok v\u00e1ltoz\u00e1sa miatt 2011. janu\u00e1r 1-j\u00e9n a k\u00f6telez\u0151 \u00e1tv\u00e9teli  rendszer megsz\u0171nik. Ez azt eredm\u00e9nyezi \u2013 mik\u00f6zben a v\u00e1ls\u00e1g miatt a vil\u00e1g  villamosenergia-fogyaszt\u00e1sa m\u00e9lyponton van \u2013, hogy nem szabad a  g\u00e1zmotoros er\u0151m\u0171vet elind\u00edtani, mert vesztes\u00e9get termel. Elveszik az az  olcs\u00f3 h\u0151h\u00e1nyad is, amely a kapcsolt energiatermel\u00e9sb\u0151l sz\u00fcletett, ami  pedig a h\u0151d\u00edjra volt hat\u00e1ssal. A h\u0151d\u00edj a h\u0151fogyaszt\u00e1s nagys\u00e1g\u00e1t\u00f3l f\u00fcgg, a  h\u0151k\u00f6zpontban m\u00e9rt t\u00e1vh\u0151 mennyis\u00e9ge ut\u00e1n kell fizetni. Most zajlanak a  sz\u00e1m\u00edt\u00e1sok, keress\u00fck a megold\u00e1s lehet\u0151s\u00e9g\u00e9t \u2013 inform\u00e1lta az  egriszin.hu-t Zsebe Albert.<\/div>\n<div>A  megold\u00e1s egyik lehet\u0151s\u00e9g\u00e9nek egy alternat\u00edv h\u0151forr\u00e1s hadrendbe \u00e1ll\u00edt\u00e1sa  t\u0171nt, ami itt a B\u00fckk k\u00f6rny\u00e9k\u00e9n, az erd\u0151k k\u00f6rnyezet\u00e9ben a tervszer\u0171  gazd\u00e1lkod\u00e1s k\u00f6vetkezt\u00e9ben keletkezett faapr\u00edt\u00e9k t\u00fczel\u00e9s\u00e9vel lenne  megoldhat\u00f3. De lehet a mez\u0151gazdas\u00e1gi hullad\u00e9kot, p\u00e9ld\u00e1ul a sz\u0151l\u0151vessz\u0151t  is hasznos\u00edtani energetikai c\u00e9llal. Sajnos m\u00e1r most k\u00e9slekedik a  biomassza, de a megl\u00e9v\u0151 f\u0171t\u0151m\u0171nek a b\u0151v\u00edt\u00e9se is, amiben elhelyezhet\u0151  n\u00e9h\u00e1ny faapr\u00edt\u00e9k t\u00fczel\u00e9s\u00e9re alkalmas kaz\u00e1n. Ha ez ellen sokat  tiltakozunk, a mai 2950 Ft\/GJ \u00e1rb\u00f3l janu\u00e1rban als\u00f3 hangon is 3800 Ft\/GJ  lesz, mert tiszt\u00e1n f\u00f6ldg\u00e1zb\u00f3l a mai \u00e1rat ennyib\u0151l lehet majd kihozni, s  ezt terheli m\u00e9g 5% \u00e1fa. A f\u00f6ldg\u00e1z \u00e1ra ma a vil\u00e1gpiaci g\u00e1z\u00e1rakt\u00f3l \u00e9s a  forint \u00e1rfolyam\u00e1t\u00f3l f\u00fcgg a doll\u00e1rhoz k\u00e9pest. Ha kezd\u00fcnk kil\u00e1balni a  v\u00e1ls\u00e1gb\u00f3l, a nyersanyag\u00e1rak emelkedni fognak, a forint\u00e1rfolyam is magas,  s senki nem tudja garant\u00e1lni, hogy hol k\u00f6t ki hossz\u00fa t\u00e1von \u2013  \u00e1llap\u00edtotta meg Zsebe Albert.<\/div>\n<div>Kerest\u00fcnk  olyan befektet\u0151t, aki viszonylag r\u00f6vid id\u0151 alatt meg\u00e9p\u00edten\u00e9 ezt a  b\u0151v\u00edt\u00e9st, ami ha bel\u00e1that\u00f3 id\u0151n bel\u00fcl meg\u00e9p\u00fcl, nem biztos, hogy m\u00e1r  janu\u00e1rban fel kell emelni az \u00e1rat a dr\u00e1g\u00e1bb szintre, hanem a mostani  sz\u00e1m\u00edt\u00e1saink szerint olyan 3200-3300\/GJ forint k\u00f6z\u00f6tti \u00f6sszegb\u0151l  \u00e1tv\u00e9szelhet\u0151 a 2011-es \u00e9v. R\u00e1ad\u00e1sul az EU el\u0151revet\u00edtette, hogy minden  orsz\u00e1gnak v\u00e1llalnia kell valamilyen ar\u00e1ny\u00fa meg\u00fajul\u00f3 energi\u00e1nak a  be\u00e9p\u00edt\u00e9s\u00e9t a hazai energiaell\u00e1t\u00f3 rendszer\u00e9be, s ha ezt a v\u00e1llal\u00e1st nem  teljes\u00edti, azt el\u0151bb vagy ut\u00f3bb elkezdik b\u00fcntetni. Ha valaki g\u00e1zb\u00e1zison  marad, nem felel meg a meg\u00fajul\u00f3 h\u00e1nyadra vonatkoz\u00f3 krit\u00e9riumoknak, akkor  nemcsak az eredend\u0151en magas nyersanyag\u00e1r, hanem a r\u00e1rak\u00f3dott b\u00fcntet\u00e9s  is a fogyaszt\u00f3i terheket fogja n\u00f6velni \u2013 mondta a div\u00edzi\u00f3vezet\u0151.<\/div>\n<div>A  k\u00f6rnyez\u0151 telep\u00fcl\u00e9sek k\u00f6z\u00fcl jelenleg is Egerben a legmagasabb a  t\u00e1vh\u0151szolg\u00e1ltat\u00e1s alapd\u00edja: 441 Ft\/lm3\/\u00e9v. A f\u0171t\u00e9si h\u0151d\u00edj viszonylag  alacsony: 2950 Ft\/GJ. Gy\u00f6ngy\u00f6s\u00f6n a gy\u00f6ngy\u00f6si V\u00e1rosgondoz\u00e1si Zrt.  alapd\u00edja csup\u00e1n 339, 6 Ft\/lm3\/\u00e9v, a f\u0171t\u00e9si h\u0151d\u00edj viszont 3276 Ft\/GJ.  Szegeden is magasabb a f\u0171t\u00e9si h\u0151d\u00edj, 3307 Ft\/Gj-t fizetnek a fogyaszt\u00f3k a  Szegedi H\u0151szolg\u00e1ltat\u00f3 Kft-nek, viszont az alapd\u00edj alacsonyabb, csup\u00e1n  328 Ft\/lm3\/\u00e9v. Miskolcon csup\u00e1n 5 forinttal dr\u00e1g\u00e1bb az alapd\u00edj, mint  Egerben, 2956 Ft\/GJ, de az alapd\u00edj jelent\u0151sen olcs\u00f3bb: 337,56\/lm3\/\u00e9v.  Tisza\u00fajv\u00e1rosban a legolcs\u00f3bb a t\u00e1vf\u0171t\u00e9s, a Tiszaszolg 2004 Kft. alapd\u00edja  314 Ft\/lm3\/\u00e9v, s a f\u0171t\u00e9si h\u0151d\u00edj is csak 2650 Ft\/GJ.<\/div>\n<div>Forr\u00e1s : <a href=\"www.egriszin.hu\">Egrisz\u00edn<\/a><\/div>\n","protected":false},"excerpt":{"rendered":"<p>Janu\u00e1rt\u00f3l \u00fagy fest, hogy t\u00f6bbet kell fizetn\u00fcnk a t\u00e1vh\u0151\u00e9rt Egerben.  A jelenlegi 2950 Ft\/GJ h\u0151d\u00edjb\u00f3l minimum 3800 Ft\/GJ lehet, \u00e9s a 441  Ft\/lm3\/\u00e9v alapd\u00edj is n\u00f6vekedni fog \u2013 nyilatkozta szerkeszt\u0151s\u00e9g\u00fcnknek  Zsebe Albert, az EVAT Zrt. t\u00e1vh\u0151 div\u00edzi\u00f3vezet\u0151je.<br \/>\nA  fogyaszt\u00f3knak f\u0171t\u00e9s kapcs\u00e1n alapd\u00edjat \u00e9s h\u0151d\u00edjat kell fizetni\u00fck. Az  alapd\u00edj a szolg\u00e1ltat\u00f3 \u00e1lland\u00f3 [&#8230;]<\/p>\n","protected":false},"author":4,"featured_media":0,"comment_status":"open","ping_status":"closed","sticky":false,"template":"","format":"standard","meta":{"footnotes":""},"categories":[6],"tags":[],"class_list":["post-2338","post","type-post","status-publish","format-standard","hentry","category-belfold"],"_links":{"self":[{"href":"https:\/\/www.agriatv.hu\/index.php?rest_route=\/wp\/v2\/posts\/2338","targetHints":{"allow":["GET"]}}],"collection":[{"href":"https:\/\/www.agriatv.hu\/index.php?rest_route=\/wp\/v2\/posts"}],"about":[{"href":"https:\/\/www.agriatv.hu\/index.php?rest_route=\/wp\/v2\/types\/post"}],"author":[{"embeddable":true,"href":"https:\/\/www.agriatv.hu\/index.php?rest_route=\/wp\/v2\/users\/4"}],"replies":[{"embeddable":true,"href":"https:\/\/www.agriatv.hu\/index.php?rest_route=%2Fwp%2Fv2%2Fcomments&post=2338"}],"version-history":[{"count":1,"href":"https:\/\/www.agriatv.hu\/index.php?rest_route=\/wp\/v2\/posts\/2338\/revisions"}],"predecessor-version":[{"id":2339,"href":"https:\/\/www.agriatv.hu\/index.php?rest_route=\/wp\/v2\/posts\/2338\/revisions\/2339"}],"wp:attachment":[{"href":"https:\/\/www.agriatv.hu\/index.php?rest_route=%2Fwp%2Fv2%2Fmedia&parent=2338"}],"wp:term":[{"taxonomy":"category","embeddable":true,"href":"https:\/\/www.agriatv.hu\/index.php?rest_route=%2Fwp%2Fv2%2Fcategories&post=2338"},{"taxonomy":"post_tag","embeddable":true,"href":"https:\/\/www.agriatv.hu\/index.php?rest_route=%2Fwp%2Fv2%2Ftags&post=2338"}],"curies":[{"name":"wp","href":"https:\/\/api.w.org\/{rel}","templated":true}]}}