{"id":23393,"date":"2021-12-11T22:26:30","date_gmt":"2021-12-11T22:26:30","guid":{"rendered":"https:\/\/www.agriatv.hu\/?p=23393"},"modified":"2021-12-11T22:26:32","modified_gmt":"2021-12-11T22:26:32","slug":"megnyitottak-a-sipalyak-orszagszerte","status":"publish","type":"post","link":"https:\/\/www.agriatv.hu\/?p=23393","title":{"rendered":"Megnyitottak a s\u00edp\u00e1ly\u00e1k orsz\u00e1gszerte"},"content":{"rendered":"\n<div class=\"wp-block-image\"><figure class=\"alignleft is-resized\"><img loading=\"lazy\" decoding=\"async\" src=\"https:\/\/cdn.tenyek.hu\/media\/c\/c3\/c3c7aefb7041d55bd19baf09b861cb0d.jpg\" alt=\"Media player poster frame\" width=\"235\" height=\"131\"\/><\/figure><\/div>\n\n\n\n<p>Megnyitottak a h\u00e9ten a s\u00edp\u00e1ly\u00e1k. Epl\u00e9nyben cs\u00fct\u00f6rt\u00f6k\u00f6n, M\u00e1traszentistv\u00e1non szombat reggel fogadt\u00e1k az els\u0151 vend\u00e9geket, nagyon sokan voltak m\u00e1r az els\u0151 napon is. Van, ahol 70 centi h\u00f3 esett, \u00e9s mivel tart\u00f3san marad a hideg, az id\u0151j\u00e1r\u00e1s is t\u00f6k\u00e9letes. A s\u00edel\u0151k azt mondj\u00e1k, m\u00e1r alig v\u00e1rt\u00e1k, hogy sportolhassanak. Vas\u00e1rnapra egy\u00e9bk\u00e9nt figyelmeztet\u00e9st adtak ki h\u00f3f\u00fav\u00e1s \u00e9s sz\u00e9ll\u00f6k\u00e9s miatt szinte az eg\u00e9sz orsz\u00e1gra.<\/p>\n\n\n\n<div style=\"width: 100%; height: 0px; position: relative; padding-bottom: 56%;\"><iframe src=\"https:\/\/tenyek.hu\/embed\/17447_megnyitottak-a-sipalyak-orszagszerte\" frameborder=\"0\" allowfullscreen=\"true\" style=\"width: 100%; height: 100%; position: absolute;\"><\/iframe><\/div>\n","protected":false},"excerpt":{"rendered":"<p>Megnyitottak a h\u00e9ten a s\u00edp\u00e1ly\u00e1k. Epl\u00e9nyben cs\u00fct\u00f6rt\u00f6k\u00f6n, M\u00e1traszentistv\u00e1non szombat reggel fogadt\u00e1k az els\u0151 vend\u00e9geket, nagyon sokan voltak m\u00e1r az els\u0151 napon is. Van, ahol 70 centi h\u00f3 esett, \u00e9s mivel tart\u00f3san marad a hideg, az id\u0151j\u00e1r\u00e1s is t\u00f6k\u00e9letes. A s\u00edel\u0151k azt mondj\u00e1k, m\u00e1r alig v\u00e1rt\u00e1k, hogy sportolhassanak. Vas\u00e1rnapra egy\u00e9bk\u00e9nt figyelmeztet\u00e9st adtak ki h\u00f3f\u00fav\u00e1s \u00e9s sz\u00e9ll\u00f6k\u00e9s [&#8230;]<\/p>\n","protected":false},"author":4,"featured_media":0,"comment_status":"open","ping_status":"closed","sticky":false,"template":"","format":"standard","meta":{"footnotes":""},"categories":[6,19,11,4],"tags":[872,1619,1915,1542,4417,774],"class_list":["post-23393","post","type-post","status-publish","format-standard","hentry","category-belfold","category-egeszseg","category-sport","category-szabadido","tag-ho","tag-matraszentistvan","tag-sipalya","tag-sipark","tag-sport","tag-vendeg"],"_links":{"self":[{"href":"https:\/\/www.agriatv.hu\/index.php?rest_route=\/wp\/v2\/posts\/23393","targetHints":{"allow":["GET"]}}],"collection":[{"href":"https:\/\/www.agriatv.hu\/index.php?rest_route=\/wp\/v2\/posts"}],"about":[{"href":"https:\/\/www.agriatv.hu\/index.php?rest_route=\/wp\/v2\/types\/post"}],"author":[{"embeddable":true,"href":"https:\/\/www.agriatv.hu\/index.php?rest_route=\/wp\/v2\/users\/4"}],"replies":[{"embeddable":true,"href":"https:\/\/www.agriatv.hu\/index.php?rest_route=%2Fwp%2Fv2%2Fcomments&post=23393"}],"version-history":[{"count":1,"href":"https:\/\/www.agriatv.hu\/index.php?rest_route=\/wp\/v2\/posts\/23393\/revisions"}],"predecessor-version":[{"id":23394,"href":"https:\/\/www.agriatv.hu\/index.php?rest_route=\/wp\/v2\/posts\/23393\/revisions\/23394"}],"wp:attachment":[{"href":"https:\/\/www.agriatv.hu\/index.php?rest_route=%2Fwp%2Fv2%2Fmedia&parent=23393"}],"wp:term":[{"taxonomy":"category","embeddable":true,"href":"https:\/\/www.agriatv.hu\/index.php?rest_route=%2Fwp%2Fv2%2Fcategories&post=23393"},{"taxonomy":"post_tag","embeddable":true,"href":"https:\/\/www.agriatv.hu\/index.php?rest_route=%2Fwp%2Fv2%2Ftags&post=23393"}],"curies":[{"name":"wp","href":"https:\/\/api.w.org\/{rel}","templated":true}]}}