{"id":23398,"date":"2021-12-15T19:41:14","date_gmt":"2021-12-15T19:41:14","guid":{"rendered":"https:\/\/www.agriatv.hu\/?p=23398"},"modified":"2021-12-15T19:41:14","modified_gmt":"2021-12-15T19:41:14","slug":"agyonverte-neveloapjat-tiz-evet-kapott","status":"publish","type":"post","link":"https:\/\/www.agriatv.hu\/?p=23398","title":{"rendered":"Agyonverte nevel\u0151apj\u00e1t, t\u00edz \u00e9vet kapott"},"content":{"rendered":"\n<div class=\"wp-block-image\"><figure class=\"alignleft is-resized\"><img loading=\"lazy\" decoding=\"async\" src=\"https:\/\/cdn.tenyek.hu\/media\/a\/a4\/a4406ca506d5a5b98bfa59845a421052.jpg\" alt=\"Media player poster frame\" width=\"219\" height=\"122\"\/><\/figure><\/div>\n\n\n\n<p>El\u00edt\u00e9lt\u00e9k a b\u00e1rnai gyilkost, a f\u00e9rfi brut\u00e1lisan agyonverte nevel\u0151apj\u00e1t. El\u0151sz\u00f6r egy h\u00f3lap\u00e1ttal \u00fct\u00f6tte, majd odavitt egy k\u00e9t kil\u00f3s vasb\u00f3l k\u00e9sz\u00fclt m\u00e9rlegs\u00falyt \u00e9s k\u00e9tszer azzal is az eszm\u00e9letlen nevel\u0151apja fej\u00e9re \u00fct\u00f6tt. A csap\u00e1sokt\u00f3l a f\u00e9rfinak bet\u00f6rt a kopony\u00e1ja \u00e9s meghalt. A holttestet ezut\u00e1n zs\u00e1kokba csomagolta \u00e9s el\u00e1sta. A kegyetlen gyilkos \u00e9vekre b\u00f6rt\u00f6nbe ker\u00fcl.<\/p>\n\n\n\n<div style=\"width: 100%; height: 0px; position: relative; padding-bottom: 56%;\"><iframe src=\"https:\/\/tenyek.hu\/embed\/17563_agyonverte-neveloapjat-tiz-evet-kapott\" frameborder=\"0\" allowfullscreen=\"true\" style=\"width: 100%; height: 100%; position: absolute;\"><\/iframe><\/div>\n","protected":false},"excerpt":{"rendered":"<p>El\u00edt\u00e9lt\u00e9k a b\u00e1rnai gyilkost, a f\u00e9rfi brut\u00e1lisan agyonverte nevel\u0151apj\u00e1t. El\u0151sz\u00f6r egy h\u00f3lap\u00e1ttal \u00fct\u00f6tte, majd odavitt egy k\u00e9t kil\u00f3s vasb\u00f3l k\u00e9sz\u00fclt m\u00e9rlegs\u00falyt \u00e9s k\u00e9tszer azzal is az eszm\u00e9letlen nevel\u0151apja fej\u00e9re \u00fct\u00f6tt. A csap\u00e1sokt\u00f3l a f\u00e9rfinak bet\u00f6rt a kopony\u00e1ja \u00e9s meghalt. A holttestet ezut\u00e1n zs\u00e1kokba csomagolta \u00e9s el\u00e1sta. A kegyetlen gyilkos \u00e9vekre b\u00f6rt\u00f6nbe ker\u00fcl.<\/p>\n","protected":false},"author":4,"featured_media":0,"comment_status":"open","ping_status":"closed","sticky":false,"template":"","format":"standard","meta":{"footnotes":""},"categories":[5],"tags":[3506,71,3796,3798,3797,3795],"class_list":["post-23398","post","type-post","status-publish","format-standard","hentry","category-kek-hirek","tag-barna","tag-birosag","tag-holapat","tag-koponya","tag-merlegsuly","tag-neveloapa"],"_links":{"self":[{"href":"https:\/\/www.agriatv.hu\/index.php?rest_route=\/wp\/v2\/posts\/23398","targetHints":{"allow":["GET"]}}],"collection":[{"href":"https:\/\/www.agriatv.hu\/index.php?rest_route=\/wp\/v2\/posts"}],"about":[{"href":"https:\/\/www.agriatv.hu\/index.php?rest_route=\/wp\/v2\/types\/post"}],"author":[{"embeddable":true,"href":"https:\/\/www.agriatv.hu\/index.php?rest_route=\/wp\/v2\/users\/4"}],"replies":[{"embeddable":true,"href":"https:\/\/www.agriatv.hu\/index.php?rest_route=%2Fwp%2Fv2%2Fcomments&post=23398"}],"version-history":[{"count":1,"href":"https:\/\/www.agriatv.hu\/index.php?rest_route=\/wp\/v2\/posts\/23398\/revisions"}],"predecessor-version":[{"id":23399,"href":"https:\/\/www.agriatv.hu\/index.php?rest_route=\/wp\/v2\/posts\/23398\/revisions\/23399"}],"wp:attachment":[{"href":"https:\/\/www.agriatv.hu\/index.php?rest_route=%2Fwp%2Fv2%2Fmedia&parent=23398"}],"wp:term":[{"taxonomy":"category","embeddable":true,"href":"https:\/\/www.agriatv.hu\/index.php?rest_route=%2Fwp%2Fv2%2Fcategories&post=23398"},{"taxonomy":"post_tag","embeddable":true,"href":"https:\/\/www.agriatv.hu\/index.php?rest_route=%2Fwp%2Fv2%2Ftags&post=23398"}],"curies":[{"name":"wp","href":"https:\/\/api.w.org\/{rel}","templated":true}]}}