{"id":23438,"date":"2021-12-30T18:48:11","date_gmt":"2021-12-30T18:48:11","guid":{"rendered":"https:\/\/www.agriatv.hu\/?p=23438"},"modified":"2021-12-30T18:48:12","modified_gmt":"2021-12-30T18:48:12","slug":"meggyulhet-a-baja-a-hatosagokkal-annak-a-sofornek-aki-baleset-utan-elhagyja-a-helyszint","status":"publish","type":"post","link":"https:\/\/www.agriatv.hu\/?p=23438","title":{"rendered":"Meggy\u0171lhet a baja a hat\u00f3s\u00e1gokkal annak a sof\u0151rnek, aki baleset ut\u00e1n elhagyja a helysz\u00ednt"},"content":{"rendered":"\n<div class=\"wp-block-image\"><figure class=\"alignleft size-full is-resized\"><a href=\"https:\/\/www.agriatv.hu\/wp-content\/uploads\/2021\/12\/autobaleset-cserbenhagyas-buntetoeljaras_image_db24db8de5ee5894a61abea7db30_16-9.jpg\"><img loading=\"lazy\" decoding=\"async\" src=\"https:\/\/www.agriatv.hu\/wp-content\/uploads\/2021\/12\/autobaleset-cserbenhagyas-buntetoeljaras_image_db24db8de5ee5894a61abea7db30_16-9.jpg\" alt=\"\" class=\"wp-image-23440\" width=\"236\" height=\"133\" srcset=\"https:\/\/www.agriatv.hu\/wp-content\/uploads\/2021\/12\/autobaleset-cserbenhagyas-buntetoeljaras_image_db24db8de5ee5894a61abea7db30_16-9.jpg 640w, https:\/\/www.agriatv.hu\/wp-content\/uploads\/2021\/12\/autobaleset-cserbenhagyas-buntetoeljaras_image_db24db8de5ee5894a61abea7db30_16-9-300x169.jpg 300w\" sizes=\"auto, (max-width: 236px) 100vw, 236px\" \/><\/a><\/figure><\/div>\n\n\n\n<p>Munkag\u00f6d\u00f6rbe esett egy aut\u00f3, miut\u00e1n \u00f6ssze\u00fctk\u00f6z\u00f6tt egy m\u00e1sikkal szerda d\u00e9lut\u00e1n Egerben. S\u00e9r\u00fcl\u00e9s nem t\u00f6rt\u00e9nt, viszont a balesetet okoz\u00f3 sof\u0151r \u00e9s k\u00e9t utasa is elhagyt\u00e1k a baleset helysz\u00edn\u00e9t. Az RTL H\u00edrad\u00f3 \u00e1ltal megk\u00e9rdezett \u00fcgyv\u00e9d szerint ilyen helyzetben a sof\u0151r\u00f6k sokszor p\u00e1nikba esnek, de ez nem menti fel \u0151ket a felel\u0151ss\u00e9g al\u00f3l. Ilyen esetekben elj\u00e1r\u00e1s indulhat a sof\u0151r ellen \u2013 ha nem t\u00f6rt\u00e9nt s\u00e9r\u00fcl\u00e9s, cserbenhagy\u00e1ssal, ha s\u00e9r\u00fclt is van, seg\u00edts\u00e9gny\u00fajt\u00e1s elmulaszt\u00e1s\u00e1val gyan\u00fas\u00edthatj\u00e1k.<\/p>\n\n\n\n<div style=\"width: 100%; height: 0px; position: relative; padding-bottom: 56%;\"><iframe src=\"https:\/\/embed.rtl.hu\/embed\/1780618?autoplay=0\" frameborder=\"0\" allowfullscreen=\"true\" style=\"width: 100%; height: 100%; position: absolute;\"><\/iframe><\/div>\n","protected":false},"excerpt":{"rendered":"<p>Munkag\u00f6d\u00f6rbe esett egy aut\u00f3, miut\u00e1n \u00f6ssze\u00fctk\u00f6z\u00f6tt egy m\u00e1sikkal szerda d\u00e9lut\u00e1n Egerben. S\u00e9r\u00fcl\u00e9s nem t\u00f6rt\u00e9nt, viszont a balesetet okoz\u00f3 sof\u0151r \u00e9s k\u00e9t utasa is elhagyt\u00e1k a baleset helysz\u00edn\u00e9t. Az RTL H\u00edrad\u00f3 \u00e1ltal megk\u00e9rdezett \u00fcgyv\u00e9d szerint ilyen helyzetben a sof\u0151r\u00f6k sokszor p\u00e1nikba esnek, de ez nem menti fel \u0151ket a felel\u0151ss\u00e9g al\u00f3l. Ilyen esetekben elj\u00e1r\u00e1s indulhat a [&#8230;]<\/p>\n","protected":false},"author":4,"featured_media":0,"comment_status":"open","ping_status":"closed","sticky":false,"template":"","format":"standard","meta":{"footnotes":""},"categories":[5],"tags":[41,2163,36,1617,454,3811,122,1929],"class_list":["post-23438","post","type-post","status-publish","format-standard","hentry","category-kek-hirek","tag-baleset","tag-cserbenhagyas","tag-eger","tag-eljaras","tag-helyszin","tag-munkagodor","tag-rendorseg","tag-sofor"],"_links":{"self":[{"href":"https:\/\/www.agriatv.hu\/index.php?rest_route=\/wp\/v2\/posts\/23438","targetHints":{"allow":["GET"]}}],"collection":[{"href":"https:\/\/www.agriatv.hu\/index.php?rest_route=\/wp\/v2\/posts"}],"about":[{"href":"https:\/\/www.agriatv.hu\/index.php?rest_route=\/wp\/v2\/types\/post"}],"author":[{"embeddable":true,"href":"https:\/\/www.agriatv.hu\/index.php?rest_route=\/wp\/v2\/users\/4"}],"replies":[{"embeddable":true,"href":"https:\/\/www.agriatv.hu\/index.php?rest_route=%2Fwp%2Fv2%2Fcomments&post=23438"}],"version-history":[{"count":2,"href":"https:\/\/www.agriatv.hu\/index.php?rest_route=\/wp\/v2\/posts\/23438\/revisions"}],"predecessor-version":[{"id":23441,"href":"https:\/\/www.agriatv.hu\/index.php?rest_route=\/wp\/v2\/posts\/23438\/revisions\/23441"}],"wp:attachment":[{"href":"https:\/\/www.agriatv.hu\/index.php?rest_route=%2Fwp%2Fv2%2Fmedia&parent=23438"}],"wp:term":[{"taxonomy":"category","embeddable":true,"href":"https:\/\/www.agriatv.hu\/index.php?rest_route=%2Fwp%2Fv2%2Fcategories&post=23438"},{"taxonomy":"post_tag","embeddable":true,"href":"https:\/\/www.agriatv.hu\/index.php?rest_route=%2Fwp%2Fv2%2Ftags&post=23438"}],"curies":[{"name":"wp","href":"https:\/\/api.w.org\/{rel}","templated":true}]}}