{"id":23446,"date":"2022-01-01T18:26:22","date_gmt":"2022-01-01T18:26:22","guid":{"rendered":"https:\/\/www.agriatv.hu\/?p=23446"},"modified":"2022-01-01T18:26:23","modified_gmt":"2022-01-01T18:26:23","slug":"furdoben-diszkoban-unnepeltek-az-ujevet","status":"publish","type":"post","link":"https:\/\/www.agriatv.hu\/?p=23446","title":{"rendered":"F\u00fcrd\u0151ben, diszk\u00f3ban \u00fcnnepelt\u00e9k az \u00faj\u00e9vet"},"content":{"rendered":"\n<div class=\"wp-block-image\"><figure class=\"alignleft is-resized\"><img loading=\"lazy\" decoding=\"async\" src=\"https:\/\/cdn.tenyek.hu\/media\/2\/21\/21863032a5fd8778fecf36f729c76a78.jpg\" alt=\"Media player poster frame\" width=\"179\" height=\"100\"\/><\/figure><\/div>\n\n\n\n<p>\u00c1tt\u00e1ncoltak az \u00faj\u00e9vbe nagyon sokan orsz\u00e1gszerte. Hajd\u00faszoboszl\u00f3n a habpartin a medenc\u00e9ben, \u00dajfeh\u00e9rt\u00f3n \u00e9s P\u00e9csett utcab\u00e1lon, Tatab\u00e1ny\u00e1n diszk\u00f3ban sz\u00e1moltak vissza a buliz\u00f3k \u00e9jf\u00e9lkor. Fantasztikus hangulat volt minden\u00fctt. A legt\u00f6bben azt mondt\u00e1k, mivel a tavalyi \u00e9v neh\u00e9z volt, 2022-t\u0151l boldogs\u00e1got \u00e9s csupa j\u00f3t v\u00e1rnak.<\/p>\n\n\n\n<div style=\"width: 100%; height: 0px; position: relative; padding-bottom: 56%;\"><iframe src=\"https:\/\/tenyek.hu\/embed\/18057_furdoben-diszkoban-unnepeltek-az-ujevet\" frameborder=\"0\" allowfullscreen=\"true\" style=\"width: 100%; height: 100%; position: absolute;\"><\/iframe><\/div>\n","protected":false},"excerpt":{"rendered":"<p>\u00c1tt\u00e1ncoltak az \u00faj\u00e9vbe nagyon sokan orsz\u00e1gszerte. Hajd\u00faszoboszl\u00f3n a habpartin a medenc\u00e9ben, \u00dajfeh\u00e9rt\u00f3n \u00e9s P\u00e9csett utcab\u00e1lon, Tatab\u00e1ny\u00e1n diszk\u00f3ban sz\u00e1moltak vissza a buliz\u00f3k \u00e9jf\u00e9lkor. Fantasztikus hangulat volt minden\u00fctt. A legt\u00f6bben azt mondt\u00e1k, mivel a tavalyi \u00e9v neh\u00e9z volt, 2022-t\u0151l boldogs\u00e1got \u00e9s csupa j\u00f3t v\u00e1rnak.<\/p>\n","protected":false},"author":4,"featured_media":0,"comment_status":"open","ping_status":"closed","sticky":false,"template":"","format":"standard","meta":{"footnotes":""},"categories":[6,4],"tags":[3817,935,36,3816,348,3196,1516],"class_list":["post-23446","post","type-post","status-publish","format-standard","hentry","category-belfold","category-szabadido","tag-3817","tag-buli","tag-eger","tag-hangulat","tag-koncert","tag-lezershow","tag-szilveszter"],"_links":{"self":[{"href":"https:\/\/www.agriatv.hu\/index.php?rest_route=\/wp\/v2\/posts\/23446","targetHints":{"allow":["GET"]}}],"collection":[{"href":"https:\/\/www.agriatv.hu\/index.php?rest_route=\/wp\/v2\/posts"}],"about":[{"href":"https:\/\/www.agriatv.hu\/index.php?rest_route=\/wp\/v2\/types\/post"}],"author":[{"embeddable":true,"href":"https:\/\/www.agriatv.hu\/index.php?rest_route=\/wp\/v2\/users\/4"}],"replies":[{"embeddable":true,"href":"https:\/\/www.agriatv.hu\/index.php?rest_route=%2Fwp%2Fv2%2Fcomments&post=23446"}],"version-history":[{"count":1,"href":"https:\/\/www.agriatv.hu\/index.php?rest_route=\/wp\/v2\/posts\/23446\/revisions"}],"predecessor-version":[{"id":23447,"href":"https:\/\/www.agriatv.hu\/index.php?rest_route=\/wp\/v2\/posts\/23446\/revisions\/23447"}],"wp:attachment":[{"href":"https:\/\/www.agriatv.hu\/index.php?rest_route=%2Fwp%2Fv2%2Fmedia&parent=23446"}],"wp:term":[{"taxonomy":"category","embeddable":true,"href":"https:\/\/www.agriatv.hu\/index.php?rest_route=%2Fwp%2Fv2%2Fcategories&post=23446"},{"taxonomy":"post_tag","embeddable":true,"href":"https:\/\/www.agriatv.hu\/index.php?rest_route=%2Fwp%2Fv2%2Ftags&post=23446"}],"curies":[{"name":"wp","href":"https:\/\/api.w.org\/{rel}","templated":true}]}}