{"id":23448,"date":"2022-01-03T20:21:50","date_gmt":"2022-01-03T20:21:50","guid":{"rendered":"https:\/\/www.agriatv.hu\/?p=23448"},"modified":"2022-01-03T20:21:51","modified_gmt":"2022-01-03T20:21:51","slug":"felesegevel-es-magaval-is-vegezni-akart","status":"publish","type":"post","link":"https:\/\/www.agriatv.hu\/?p=23448","title":{"rendered":"Feles\u00e9g\u00e9vel \u00e9s mag\u00e1val is v\u00e9gezni akart"},"content":{"rendered":"\n<div class=\"wp-block-image\"><figure class=\"alignleft is-resized\"><img loading=\"lazy\" decoding=\"async\" src=\"https:\/\/cdn.tenyek.hu\/media\/a\/a9\/a99eec9115f62b7469f3466dabcc196c.jpg\" alt=\"Media player poster frame\" width=\"208\" height=\"116\"\/><\/figure><\/div>\n\n\n\n<p>Kil\u00e1t\u00e1stalannak tal\u00e1lta az \u00e9let\u00fcket, ez\u00e9rt meg akarta \u00f6lni a feles\u00e9g\u00e9t egy id\u0151s f\u00e9rfi Dr\u00e9gelypal\u00e1nkon. K\u00e9ssel t\u00e1madt r\u00e1, megv\u00e1gta a nyak\u00e1t, ut\u00e1na pedig saj\u00e1t mag\u00e1val is v\u00e9gezni akart. A n\u0151 ki tudott menek\u00fclni a h\u00e1zb\u00f3l, hogy seg\u00edts\u00e9get h\u00edvjon, a szomsz\u00e9dok mentett\u00e9k meg az \u00e9let\u00e9t. A helyieket sokkolta a trag\u00e9dia, kor\u00e1bban soha nem hallott\u00e1k veszekedni a h\u00e1zasp\u00e1rt. R\u00e1ad\u00e1sul a k\u00f6rny\u00e9k &#8211; az ott \u00e9l\u0151k szerint &#8211; \u00e9ppen a nyugalm\u00e1r\u00f3l \u00e9s a j\u00f3 k\u00f6zbiztons\u00e1g\u00e1r\u00f3l h\u00edres.<\/p>\n\n\n\n<div style=\"width: 100%; height: 0px; position: relative; padding-bottom: 56%;\"><iframe src=\"https:\/\/tenyek.hu\/embed\/18098_felesegevel-es-magaval-is-vegezni-akart\" frameborder=\"0\" allowfullscreen=\"true\" style=\"width: 100%; height: 100%; position: absolute;\"><\/iframe><\/div>\n","protected":false},"excerpt":{"rendered":"<p>Kil\u00e1t\u00e1stalannak tal\u00e1lta az \u00e9let\u00fcket, ez\u00e9rt meg akarta \u00f6lni a feles\u00e9g\u00e9t egy id\u0151s f\u00e9rfi Dr\u00e9gelypal\u00e1nkon. K\u00e9ssel t\u00e1madt r\u00e1, megv\u00e1gta a nyak\u00e1t, ut\u00e1na pedig saj\u00e1t mag\u00e1val is v\u00e9gezni akart. A n\u0151 ki tudott menek\u00fclni a h\u00e1zb\u00f3l, hogy seg\u00edts\u00e9get h\u00edvjon, a szomsz\u00e9dok mentett\u00e9k meg az \u00e9let\u00e9t. A helyieket sokkolta a trag\u00e9dia, kor\u00e1bban soha nem hallott\u00e1k veszekedni a h\u00e1zasp\u00e1rt. [&#8230;]<\/p>\n","protected":false},"author":4,"featured_media":0,"comment_status":"open","ping_status":"closed","sticky":false,"template":"","format":"standard","meta":{"footnotes":""},"categories":[5],"tags":[3818,2199,3585,1329,3689,122,3819],"class_list":["post-23448","post","type-post","status-publish","format-standard","hentry","category-kek-hirek","tag-dregelypalank","tag-ferj","tag-hazaspar","tag-kes","tag-nyak","tag-rendorseg","tag-szomszedok"],"_links":{"self":[{"href":"https:\/\/www.agriatv.hu\/index.php?rest_route=\/wp\/v2\/posts\/23448","targetHints":{"allow":["GET"]}}],"collection":[{"href":"https:\/\/www.agriatv.hu\/index.php?rest_route=\/wp\/v2\/posts"}],"about":[{"href":"https:\/\/www.agriatv.hu\/index.php?rest_route=\/wp\/v2\/types\/post"}],"author":[{"embeddable":true,"href":"https:\/\/www.agriatv.hu\/index.php?rest_route=\/wp\/v2\/users\/4"}],"replies":[{"embeddable":true,"href":"https:\/\/www.agriatv.hu\/index.php?rest_route=%2Fwp%2Fv2%2Fcomments&post=23448"}],"version-history":[{"count":1,"href":"https:\/\/www.agriatv.hu\/index.php?rest_route=\/wp\/v2\/posts\/23448\/revisions"}],"predecessor-version":[{"id":23449,"href":"https:\/\/www.agriatv.hu\/index.php?rest_route=\/wp\/v2\/posts\/23448\/revisions\/23449"}],"wp:attachment":[{"href":"https:\/\/www.agriatv.hu\/index.php?rest_route=%2Fwp%2Fv2%2Fmedia&parent=23448"}],"wp:term":[{"taxonomy":"category","embeddable":true,"href":"https:\/\/www.agriatv.hu\/index.php?rest_route=%2Fwp%2Fv2%2Fcategories&post=23448"},{"taxonomy":"post_tag","embeddable":true,"href":"https:\/\/www.agriatv.hu\/index.php?rest_route=%2Fwp%2Fv2%2Ftags&post=23448"}],"curies":[{"name":"wp","href":"https:\/\/api.w.org\/{rel}","templated":true}]}}