{"id":23466,"date":"2022-01-16T19:15:26","date_gmt":"2022-01-16T19:15:26","guid":{"rendered":"https:\/\/www.agriatv.hu\/?p=23466"},"modified":"2022-01-16T19:15:26","modified_gmt":"2022-01-16T19:15:26","slug":"sulyosabb-buntetest-kaphat-a-robbanto","status":"publish","type":"post","link":"https:\/\/www.agriatv.hu\/?p=23466","title":{"rendered":"S\u00falyosabb b\u00fcntet\u00e9st kaphat a robbant\u00f3"},"content":{"rendered":"\n<div class=\"wp-block-image\"><figure class=\"alignleft is-resized\"><img loading=\"lazy\" decoding=\"async\" src=\"https:\/\/cdn.tenyek.hu\/media\/0\/0c\/0c8e47d175892cb9a958320e6423c57c.jpg\" alt=\"Media player poster frame\" width=\"208\" height=\"116\"\/><\/figure><\/div>\n\n\n\n<p>&#8222;Agyon akart v\u00e1gni fejsz\u00e9vel&#8221;, ezt mondta az asszony, akinek a f\u00e9rje felrobbantotta a lak\u00e1sukat J\u00e1rd\u00e1nh\u00e1z\u00e1n. Exkluz\u00edv interj\u00fat adott a T\u00e9nyeknek, azt mondta, a brut\u00e1lis f\u00e9rfi az\u00e9rt t\u00e1madt r\u00e1, mert k\u00e9s\u0151n \u00e9rt haza. \u00c1tmenek\u00fclt a szomsz\u00e9dokhoz, ekkor a f\u00e9rfi bez\u00e1rk\u00f3zott, kinyitott egy g\u00e1zpalackot \u00e9s t\u00fczet gy\u00fajtott. A k\u00f6zben meg\u00e9rkez\u0151 rend\u0151r\u00f6k ekkor kimenek\u00fcltek, az \u0151rj\u00f6ng\u0151 f\u00e9rfi azt kiab\u00e1lta nekik, hogy \u201egyertek be.\u201d A g\u00e1z v\u00e9g\u00fcl berobbant.<\/p>\n\n\n\n<div style=\"width: 100%; height: 0px; position: relative; padding-bottom: 56%;\"><iframe src=\"https:\/\/tenyek.hu\/embed\/18510_sulyosabb-buntetest-kaphat-a-robbanto\" frameborder=\"0\" allowfullscreen=\"true\" style=\"width: 100%; height: 100%; position: absolute;\"><\/iframe><\/div>\n","protected":false},"excerpt":{"rendered":"<p>&#8222;Agyon akart v\u00e1gni fejsz\u00e9vel&#8221;, ezt mondta az asszony, akinek a f\u00e9rje felrobbantotta a lak\u00e1sukat J\u00e1rd\u00e1nh\u00e1z\u00e1n. Exkluz\u00edv interj\u00fat adott a T\u00e9nyeknek, azt mondta, a brut\u00e1lis f\u00e9rfi az\u00e9rt t\u00e1madt r\u00e1, mert k\u00e9s\u0151n \u00e9rt haza. \u00c1tmenek\u00fclt a szomsz\u00e9dokhoz, ekkor a f\u00e9rfi bez\u00e1rk\u00f3zott, kinyitott egy g\u00e1zpalackot \u00e9s t\u00fczet gy\u00fajtott. A k\u00f6zben meg\u00e9rkez\u0151 rend\u0151r\u00f6k ekkor kimenek\u00fcltek, az \u0151rj\u00f6ng\u0151 f\u00e9rfi azt [&#8230;]<\/p>\n","protected":false},"author":4,"featured_media":0,"comment_status":"open","ping_status":"closed","sticky":false,"template":"","format":"standard","meta":{"footnotes":""},"categories":[5],"tags":[71,487,1646,2116,1452,3208,3826],"class_list":["post-23466","post","type-post","status-publish","format-standard","hentry","category-kek-hirek","tag-birosag","tag-csalad","tag-fejsze","tag-gazpalack","tag-haz","tag-jardanhaza","tag-robbanto"],"_links":{"self":[{"href":"https:\/\/www.agriatv.hu\/index.php?rest_route=\/wp\/v2\/posts\/23466","targetHints":{"allow":["GET"]}}],"collection":[{"href":"https:\/\/www.agriatv.hu\/index.php?rest_route=\/wp\/v2\/posts"}],"about":[{"href":"https:\/\/www.agriatv.hu\/index.php?rest_route=\/wp\/v2\/types\/post"}],"author":[{"embeddable":true,"href":"https:\/\/www.agriatv.hu\/index.php?rest_route=\/wp\/v2\/users\/4"}],"replies":[{"embeddable":true,"href":"https:\/\/www.agriatv.hu\/index.php?rest_route=%2Fwp%2Fv2%2Fcomments&post=23466"}],"version-history":[{"count":1,"href":"https:\/\/www.agriatv.hu\/index.php?rest_route=\/wp\/v2\/posts\/23466\/revisions"}],"predecessor-version":[{"id":23467,"href":"https:\/\/www.agriatv.hu\/index.php?rest_route=\/wp\/v2\/posts\/23466\/revisions\/23467"}],"wp:attachment":[{"href":"https:\/\/www.agriatv.hu\/index.php?rest_route=%2Fwp%2Fv2%2Fmedia&parent=23466"}],"wp:term":[{"taxonomy":"category","embeddable":true,"href":"https:\/\/www.agriatv.hu\/index.php?rest_route=%2Fwp%2Fv2%2Fcategories&post=23466"},{"taxonomy":"post_tag","embeddable":true,"href":"https:\/\/www.agriatv.hu\/index.php?rest_route=%2Fwp%2Fv2%2Ftags&post=23466"}],"curies":[{"name":"wp","href":"https:\/\/api.w.org\/{rel}","templated":true}]}}