{"id":23544,"date":"2022-02-26T18:50:00","date_gmt":"2022-02-26T18:50:00","guid":{"rendered":"https:\/\/www.agriatv.hu\/?p=23544"},"modified":"2022-02-26T18:50:01","modified_gmt":"2022-02-26T18:50:01","slug":"veszfekezett-diakok-serultek-meg","status":"publish","type":"post","link":"https:\/\/www.agriatv.hu\/?p=23544","title":{"rendered":"V\u00e9szf\u00e9kezett, di\u00e1kok s\u00e9r\u00fcltek meg"},"content":{"rendered":"\n<div class=\"wp-block-image\"><figure class=\"alignleft is-resized\"><img loading=\"lazy\" decoding=\"async\" src=\"https:\/\/cdn.tenyek.hu\/media\/e\/e4\/e435233ac28c28302fc38d02296f5a42.jpg\" alt=\"Media player poster frame\" width=\"214\" height=\"120\"\/><\/figure><\/div>\n\n\n\n<p>Di\u00e1kok s\u00e9r\u00fcltek meg egy balesetben Egerben, amikor egy busz v\u00e9szf\u00e9kezett, hogy ne \u00fctk\u00f6zz\u00f6n \u00f6ssze egy figyelmetlen aut\u00f3ssal. Val\u00f3sz\u00edn\u0171leg a kocsi sof\u0151rje t\u00fal nagy sebess\u00e9ggel j\u00f6tt, nem adott els\u0151bbs\u00e9get \u00fagy akart \u00e1thajtani a keresztez\u0151d\u00e9sen. A buszsof\u0151r ekkor egy hatalmasat f\u00e9kezett, a gyerekek pedig elestek, egyik\u00fck s\u00falyosan megs\u00e9r\u00fclt. Az aut\u00f3s elhajtott.<\/p>\n\n\n\n<div style=\"width: 100%; height: 0px; position: relative; padding-bottom: 56%;\"><iframe src=\"https:\/\/tenyek.hu\/embed\/19841_veszfekezett-diakok-serultek-meg\" frameborder=\"0\" allowfullscreen=\"true\" style=\"width: 100%; height: 100%; position: absolute;\"><\/iframe><\/div>\n","protected":false},"excerpt":{"rendered":"<p>Di\u00e1kok s\u00e9r\u00fcltek meg egy balesetben Egerben, amikor egy busz v\u00e9szf\u00e9kezett, hogy ne \u00fctk\u00f6zz\u00f6n \u00f6ssze egy figyelmetlen aut\u00f3ssal. Val\u00f3sz\u00edn\u0171leg a kocsi sof\u0151rje t\u00fal nagy sebess\u00e9ggel j\u00f6tt, nem adott els\u0151bbs\u00e9get \u00fagy akart \u00e1thajtani a keresztez\u0151d\u00e9sen. A buszsof\u0151r ekkor egy hatalmasat f\u00e9kezett, a gyerekek pedig elestek, egyik\u00fck s\u00falyosan megs\u00e9r\u00fclt. Az aut\u00f3s elhajtott.<\/p>\n","protected":false},"author":4,"featured_media":0,"comment_status":"open","ping_status":"closed","sticky":false,"template":"","format":"standard","meta":{"footnotes":""},"categories":[5],"tags":[41,968,123,3851,1214,1263],"class_list":["post-23544","post","type-post","status-publish","format-standard","hentry","category-kek-hirek","tag-baleset","tag-busz","tag-diak","tag-fekezes","tag-kocsi","tag-serules"],"_links":{"self":[{"href":"https:\/\/www.agriatv.hu\/index.php?rest_route=\/wp\/v2\/posts\/23544","targetHints":{"allow":["GET"]}}],"collection":[{"href":"https:\/\/www.agriatv.hu\/index.php?rest_route=\/wp\/v2\/posts"}],"about":[{"href":"https:\/\/www.agriatv.hu\/index.php?rest_route=\/wp\/v2\/types\/post"}],"author":[{"embeddable":true,"href":"https:\/\/www.agriatv.hu\/index.php?rest_route=\/wp\/v2\/users\/4"}],"replies":[{"embeddable":true,"href":"https:\/\/www.agriatv.hu\/index.php?rest_route=%2Fwp%2Fv2%2Fcomments&post=23544"}],"version-history":[{"count":1,"href":"https:\/\/www.agriatv.hu\/index.php?rest_route=\/wp\/v2\/posts\/23544\/revisions"}],"predecessor-version":[{"id":23545,"href":"https:\/\/www.agriatv.hu\/index.php?rest_route=\/wp\/v2\/posts\/23544\/revisions\/23545"}],"wp:attachment":[{"href":"https:\/\/www.agriatv.hu\/index.php?rest_route=%2Fwp%2Fv2%2Fmedia&parent=23544"}],"wp:term":[{"taxonomy":"category","embeddable":true,"href":"https:\/\/www.agriatv.hu\/index.php?rest_route=%2Fwp%2Fv2%2Fcategories&post=23544"},{"taxonomy":"post_tag","embeddable":true,"href":"https:\/\/www.agriatv.hu\/index.php?rest_route=%2Fwp%2Fv2%2Ftags&post=23544"}],"curies":[{"name":"wp","href":"https:\/\/api.w.org\/{rel}","templated":true}]}}