{"id":23594,"date":"2022-04-02T18:27:06","date_gmt":"2022-04-02T18:27:06","guid":{"rendered":"https:\/\/www.agriatv.hu\/?p=23594"},"modified":"2022-04-03T06:25:13","modified_gmt":"2022-04-03T06:25:13","slug":"nem-volt-bekotve-kirepult-az-autobol","status":"publish","type":"post","link":"https:\/\/www.agriatv.hu\/?p=23594","title":{"rendered":"Nem volt bek\u00f6tve, kirep\u00fclt az aut\u00f3b\u00f3l"},"content":{"rendered":"\n<div class=\"wp-block-image\"><figure class=\"alignleft is-resized\"><img loading=\"lazy\" decoding=\"async\" src=\"https:\/\/cdn.tenyek.hu\/media\/0\/05\/054665ce0a70d44cee80fc5444a36ee8.jpg\" alt=\"Media player poster frame\" width=\"253\" height=\"141\"\/><\/figure><\/div>\n\n\n\n<p>Nem kapcsolta be a biztons\u00e1gi \u00f6vet \u00e9s kirep\u00fclt egy 74 \u00e9ves asszony egy kisbuszb\u00f3l, amelyik a nedves \u00faton megcs\u00faszott, majd lesodr\u00f3dott az \u00fatr\u00f3l Saj\u00f3p\u00fcsp\u00f6kin\u00e9l. A kocsiban t\u00f6bb gyerek is utazott, \u0151k k\u00f6nnyebben s\u00e9r\u00fcltek, az id\u0151s asszonyt azonban s\u00falyos \u00e1llapotban vitt\u00e9k k\u00f3rh\u00e1zba. \u00dagy tudjuk, a sof\u0151r t\u00fal gyorsan hajtott. Egy m\u00e1sik, Miskolcon t\u00f6rt\u00e9nt t\u00f6megbalesetben pedig ment\u0151s\u00f6k is megs\u00e9r\u00fcltek.<\/p>\n\n\n\n<div style=\"width: 100%; height: 0px; position: relative; padding-bottom: 56%;\"><iframe src=\"https:\/\/tenyek.hu\/embed\/20860_nem-volt-bekotve-kirepult-az-autobol\" frameborder=\"0\" allowfullscreen=\"true\" style=\"width: 100%; height: 100%; position: absolute;\"><\/iframe><\/div>\n","protected":false},"excerpt":{"rendered":"<p>Nem kapcsolta be a biztons\u00e1gi \u00f6vet \u00e9s kirep\u00fclt egy 74 \u00e9ves asszony egy kisbuszb\u00f3l, amelyik a nedves \u00faton megcs\u00faszott, majd lesodr\u00f3dott az \u00fatr\u00f3l Saj\u00f3p\u00fcsp\u00f6kin\u00e9l. A kocsiban t\u00f6bb gyerek is utazott, \u0151k k\u00f6nnyebben s\u00e9r\u00fcltek, az id\u0151s asszonyt azonban s\u00falyos \u00e1llapotban vitt\u00e9k k\u00f3rh\u00e1zba. \u00dagy tudjuk, a sof\u0151r t\u00fal gyorsan hajtott. Egy m\u00e1sik, Miskolcon t\u00f6rt\u00e9nt t\u00f6megbalesetben pedig ment\u0151s\u00f6k [&#8230;]<\/p>\n","protected":false},"author":4,"featured_media":0,"comment_status":"open","ping_status":"closed","sticky":false,"template":"","format":"standard","meta":{"footnotes":""},"categories":[5],"tags":[2368,41,2635,1371,3860,3861,2124],"class_list":["post-23594","post","type-post","status-publish","format-standard","hentry","category-kek-hirek","tag-asszony","tag-baleset","tag-furgon","tag-idos","tag-kiesett","tag-nedves","tag-sajopuspoki"],"_links":{"self":[{"href":"https:\/\/www.agriatv.hu\/index.php?rest_route=\/wp\/v2\/posts\/23594","targetHints":{"allow":["GET"]}}],"collection":[{"href":"https:\/\/www.agriatv.hu\/index.php?rest_route=\/wp\/v2\/posts"}],"about":[{"href":"https:\/\/www.agriatv.hu\/index.php?rest_route=\/wp\/v2\/types\/post"}],"author":[{"embeddable":true,"href":"https:\/\/www.agriatv.hu\/index.php?rest_route=\/wp\/v2\/users\/4"}],"replies":[{"embeddable":true,"href":"https:\/\/www.agriatv.hu\/index.php?rest_route=%2Fwp%2Fv2%2Fcomments&post=23594"}],"version-history":[{"count":5,"href":"https:\/\/www.agriatv.hu\/index.php?rest_route=\/wp\/v2\/posts\/23594\/revisions"}],"predecessor-version":[{"id":23600,"href":"https:\/\/www.agriatv.hu\/index.php?rest_route=\/wp\/v2\/posts\/23594\/revisions\/23600"}],"wp:attachment":[{"href":"https:\/\/www.agriatv.hu\/index.php?rest_route=%2Fwp%2Fv2%2Fmedia&parent=23594"}],"wp:term":[{"taxonomy":"category","embeddable":true,"href":"https:\/\/www.agriatv.hu\/index.php?rest_route=%2Fwp%2Fv2%2Fcategories&post=23594"},{"taxonomy":"post_tag","embeddable":true,"href":"https:\/\/www.agriatv.hu\/index.php?rest_route=%2Fwp%2Fv2%2Ftags&post=23594"}],"curies":[{"name":"wp","href":"https:\/\/api.w.org\/{rel}","templated":true}]}}