{"id":23627,"date":"2022-04-18T18:16:43","date_gmt":"2022-04-18T18:16:43","guid":{"rendered":"https:\/\/www.agriatv.hu\/?p=23627"},"modified":"2022-04-18T18:16:44","modified_gmt":"2022-04-18T18:16:44","slug":"kizuhant-az-erkelyrol-meg-akartak-olni","status":"publish","type":"post","link":"https:\/\/www.agriatv.hu\/?p=23627","title":{"rendered":"Kizuhant az erk\u00e9lyr\u0151l, meg akart\u00e1k \u00f6lni"},"content":{"rendered":"\n<div class=\"wp-block-image\"><figure class=\"alignleft is-resized\"><img loading=\"lazy\" decoding=\"async\" src=\"https:\/\/cdn.tenyek.hu\/media\/8\/8e\/8ee36aeb2d50a24f15ef6b026ebf393a.jpg\" alt=\"Media player poster frame\" width=\"228\" height=\"127\"\/><\/figure><\/div>\n\n\n\n<p>&#8222;Meg\u00f6llek, meg\u00f6llek&#8221; &#8211; ezt kiab\u00e1lta egy f\u00e9rfi, miel\u0151tt a bar\u00e1tn\u0151je lezuhant egy negyedik emeleti lak\u00e1s erk\u00e9ly\u00e9r\u0151l Balassagyarmaton. A k\u00f6rny\u00e9ken \u00e9l\u0151k szerint a p\u00e1r nagyon sokat veszekedett. Gyakran ittak, a f\u00e9rfi pedig drogozott is. A fiatal n\u0151 legal\u00e1bb 15 m\u00e9ter magasr\u00f3l zuhant a f\u00f6ldre, a szomsz\u00e9dok azt sem z\u00e1rj\u00e1k ki, hogy \u00e1tl\u00f6kt\u00e9k a erk\u00e9lykorl\u00e1ton. A l\u00e1ny s\u00falyosan megs\u00e9r\u00fclt, k\u00f3rh\u00e1zba sz\u00e1ll\u00edtott\u00e1k.<\/p>\n\n\n\n<div style=\"width: 100%; height: 0px; position: relative; padding-bottom: 56%;\"><iframe src=\"https:\/\/tenyek.hu\/embed\/21346_kizuhant-az-erkelyrol-meg-akartak-olni\" frameborder=\"0\" allowfullscreen=\"true\" style=\"width: 100%; height: 100%; position: absolute;\"><\/iframe><\/div>\n","protected":false},"excerpt":{"rendered":"<p>&#8222;Meg\u00f6llek, meg\u00f6llek&#8221; &#8211; ezt kiab\u00e1lta egy f\u00e9rfi, miel\u0151tt a bar\u00e1tn\u0151je lezuhant egy negyedik emeleti lak\u00e1s erk\u00e9ly\u00e9r\u0151l Balassagyarmaton. A k\u00f6rny\u00e9ken \u00e9l\u0151k szerint a p\u00e1r nagyon sokat veszekedett. Gyakran ittak, a f\u00e9rfi pedig drogozott is. A fiatal n\u0151 legal\u00e1bb 15 m\u00e9ter magasr\u00f3l zuhant a f\u00f6ldre, a szomsz\u00e9dok azt sem z\u00e1rj\u00e1k ki, hogy \u00e1tl\u00f6kt\u00e9k a erk\u00e9lykorl\u00e1ton. A l\u00e1ny [&#8230;]<\/p>\n","protected":false},"author":4,"featured_media":0,"comment_status":"open","ping_status":"closed","sticky":false,"template":"","format":"standard","meta":{"footnotes":""},"categories":[5],"tags":[3080,2525,2193,3869,380,122,1263,3868],"class_list":["post-23627","post","type-post","status-publish","format-standard","hentry","category-kek-hirek","tag-balassagyarmat","tag-emelet","tag-erkely","tag-megollek","tag-mento","tag-rendorseg","tag-serules","tag-zuhan"],"_links":{"self":[{"href":"https:\/\/www.agriatv.hu\/index.php?rest_route=\/wp\/v2\/posts\/23627","targetHints":{"allow":["GET"]}}],"collection":[{"href":"https:\/\/www.agriatv.hu\/index.php?rest_route=\/wp\/v2\/posts"}],"about":[{"href":"https:\/\/www.agriatv.hu\/index.php?rest_route=\/wp\/v2\/types\/post"}],"author":[{"embeddable":true,"href":"https:\/\/www.agriatv.hu\/index.php?rest_route=\/wp\/v2\/users\/4"}],"replies":[{"embeddable":true,"href":"https:\/\/www.agriatv.hu\/index.php?rest_route=%2Fwp%2Fv2%2Fcomments&post=23627"}],"version-history":[{"count":1,"href":"https:\/\/www.agriatv.hu\/index.php?rest_route=\/wp\/v2\/posts\/23627\/revisions"}],"predecessor-version":[{"id":23628,"href":"https:\/\/www.agriatv.hu\/index.php?rest_route=\/wp\/v2\/posts\/23627\/revisions\/23628"}],"wp:attachment":[{"href":"https:\/\/www.agriatv.hu\/index.php?rest_route=%2Fwp%2Fv2%2Fmedia&parent=23627"}],"wp:term":[{"taxonomy":"category","embeddable":true,"href":"https:\/\/www.agriatv.hu\/index.php?rest_route=%2Fwp%2Fv2%2Fcategories&post=23627"},{"taxonomy":"post_tag","embeddable":true,"href":"https:\/\/www.agriatv.hu\/index.php?rest_route=%2Fwp%2Fv2%2Ftags&post=23627"}],"curies":[{"name":"wp","href":"https:\/\/api.w.org\/{rel}","templated":true}]}}