{"id":23660,"date":"2022-05-01T17:42:28","date_gmt":"2022-05-01T17:42:28","guid":{"rendered":"https:\/\/www.agriatv.hu\/?p=23660"},"modified":"2022-05-01T17:42:30","modified_gmt":"2022-05-01T17:42:30","slug":"sok-motorosbaleset-volt-a-hetvegen-vasarnap-ketten-haltak-meg","status":"publish","type":"post","link":"https:\/\/www.agriatv.hu\/?p=23660","title":{"rendered":"Sok motorosbaleset volt a h\u00e9tv\u00e9g\u00e9n, vas\u00e1rnap ketten haltak meg"},"content":{"rendered":"\n<div class=\"wp-block-image\"><figure class=\"alignleft is-resized\"><img loading=\"lazy\" decoding=\"async\" src=\"https:\/\/cdn.tenyek.hu\/media\/9\/92\/92d36c8cafa03270ea15628c747f65e5.jpg\" alt=\"Media player poster frame\" width=\"239\" height=\"134\"\/><\/figure><\/div>\n\n\n\n<p>Szinte egym\u00e1s ut\u00e1n t\u00f6rt\u00e9ntek a motorbalesetek a h\u00e9tv\u00e9g\u00e9n, vas\u00e1rnap k\u00e9t motoros halt meg az utakon. Mecsekn\u00e1dasdn\u00e1l \u00e9s a Pest megyei \u00d6rk\u00e9nyn\u00e9l is aut\u00f3val \u00fctk\u00f6ztek. K\u00e9t m\u00e1sik baleset is t\u00f6rt\u00e9nt. Azok a motorosok is aut\u00f3val \u00fctk\u00f6ztek, ketten \u00e9letvesz\u00e9lyesen megs\u00e9r\u00fcltek. Az orsz\u00e1gos balesetmegel\u0151z\u00e9si bizotts\u00e1g \u00e9ppen szombaton tartott motoros \u00e9vadnyit\u00f3t, hogy felh\u00edvj\u00e1k a figyelmet a biztons\u00e1gos k\u00f6zleked\u00e9sre.<\/p>\n\n\n\n<div style=\"width: 100%; height: 0px; position: relative; padding-bottom: 56%;\"><iframe src=\"https:\/\/embed.rtl.hu\/embed\/1865750?autoplay=0\" frameborder=\"0\" allowfullscreen=\"true\" style=\"width: 100%; height: 100%; position: absolute;\"><\/iframe><\/div>\n\n\n\n<p>Leszakadt a l\u00e1ba egy motorosnak, amikor aut\u00f3val \u00fctk\u00f6z\u00f6tt Hatvann\u00e1l. A sof\u0151r meg akart fordulni az \u00faton, amikor a m\u00f6g\u00f6tte nagy sebess\u00e9ggel \u00e9rkez\u0151 motor belerohant, akkora er\u0151vel, hogy leszak\u00edtotta a kocsi elej\u00e9t. A motoron egy n\u0151 is utazott, \u00e9letvesz\u00e9lyesen megs\u00e9r\u00fclt. T\u00f6m\u00f6rk\u00e9nyen is s\u00falyos baleset t\u00f6rt\u00e9nt, egy balra kanyarod\u00f3 aut\u00f3s sodort le egy motorost az \u00fatr\u00f3l.<\/p>\n\n\n\n<div style=\"width: 100%; height: 0px; position: relative; padding-bottom: 56%;\"><iframe src=\"https:\/\/tenyek.hu\/embed\/21757_leszakadt-a-motoros-laba-az-utkozestol\" frameborder=\"0\" allowfullscreen=\"true\" style=\"width: 100%; height: 100%; position: absolute;\"><\/iframe><\/div>\n","protected":false},"excerpt":{"rendered":"<p>Szinte egym\u00e1s ut\u00e1n t\u00f6rt\u00e9ntek a motorbalesetek a h\u00e9tv\u00e9g\u00e9n, vas\u00e1rnap k\u00e9t motoros halt meg az utakon. Mecsekn\u00e1dasdn\u00e1l \u00e9s a Pest megyei \u00d6rk\u00e9nyn\u00e9l is aut\u00f3val \u00fctk\u00f6ztek. K\u00e9t m\u00e1sik baleset is t\u00f6rt\u00e9nt. Azok a motorosok is aut\u00f3val \u00fctk\u00f6ztek, ketten \u00e9letvesz\u00e9lyesen megs\u00e9r\u00fcltek. Az orsz\u00e1gos balesetmegel\u0151z\u00e9si bizotts\u00e1g \u00e9ppen szombaton tartott motoros \u00e9vadnyit\u00f3t, hogy felh\u00edvj\u00e1k a figyelmet a biztons\u00e1gos k\u00f6zleked\u00e9sre.<\/p>\n<p>Leszakadt a [&#8230;]<\/p>\n","protected":false},"author":4,"featured_media":0,"comment_status":"open","ping_status":"closed","sticky":false,"template":"","format":"standard","meta":{"footnotes":""},"categories":[5],"tags":[41,236,39,1263,2823],"class_list":["post-23660","post","type-post","status-publish","format-standard","hentry","category-kek-hirek","tag-baleset","tag-hatvan","tag-motoros","tag-serules","tag-utkozes"],"_links":{"self":[{"href":"https:\/\/www.agriatv.hu\/index.php?rest_route=\/wp\/v2\/posts\/23660","targetHints":{"allow":["GET"]}}],"collection":[{"href":"https:\/\/www.agriatv.hu\/index.php?rest_route=\/wp\/v2\/posts"}],"about":[{"href":"https:\/\/www.agriatv.hu\/index.php?rest_route=\/wp\/v2\/types\/post"}],"author":[{"embeddable":true,"href":"https:\/\/www.agriatv.hu\/index.php?rest_route=\/wp\/v2\/users\/4"}],"replies":[{"embeddable":true,"href":"https:\/\/www.agriatv.hu\/index.php?rest_route=%2Fwp%2Fv2%2Fcomments&post=23660"}],"version-history":[{"count":1,"href":"https:\/\/www.agriatv.hu\/index.php?rest_route=\/wp\/v2\/posts\/23660\/revisions"}],"predecessor-version":[{"id":23661,"href":"https:\/\/www.agriatv.hu\/index.php?rest_route=\/wp\/v2\/posts\/23660\/revisions\/23661"}],"wp:attachment":[{"href":"https:\/\/www.agriatv.hu\/index.php?rest_route=%2Fwp%2Fv2%2Fmedia&parent=23660"}],"wp:term":[{"taxonomy":"category","embeddable":true,"href":"https:\/\/www.agriatv.hu\/index.php?rest_route=%2Fwp%2Fv2%2Fcategories&post=23660"},{"taxonomy":"post_tag","embeddable":true,"href":"https:\/\/www.agriatv.hu\/index.php?rest_route=%2Fwp%2Fv2%2Ftags&post=23660"}],"curies":[{"name":"wp","href":"https:\/\/api.w.org\/{rel}","templated":true}]}}