{"id":23664,"date":"2022-05-05T17:15:40","date_gmt":"2022-05-05T17:15:40","guid":{"rendered":"https:\/\/www.agriatv.hu\/?p=23664"},"modified":"2022-05-05T17:15:44","modified_gmt":"2022-05-05T17:15:44","slug":"mindent-letarolt-a-lakokocsis-gyorshajto","status":"publish","type":"post","link":"https:\/\/www.agriatv.hu\/?p=23664","title":{"rendered":"Mindent letarolt a lak\u00f3kocsis gyorshajt\u00f3"},"content":{"rendered":"\n<div class=\"wp-block-image\"><figure class=\"alignleft is-resized\"><img loading=\"lazy\" decoding=\"async\" src=\"https:\/\/cdn.tenyek.hu\/media\/4\/41\/41eb1b3fd5f086213f0cfef0fa3ce8dc.jpg\" alt=\"Media player poster frame\" width=\"231\" height=\"129\"\/><\/figure><\/div>\n\n\n\n<p>T\u00fal gyorsan ment a lak\u00f3kocsival az aut\u00f3p\u00e1ly\u00e1n, ez\u00e9rt szinte mindent letarolt egy sof\u0151r, miut\u00e1n szalagkorl\u00e1tnak csap\u00f3dott az M3-ason. Az esetr\u0151l sokkol\u00f3 vide\u00f3 k\u00e9sz\u00fclt, k\u00e9t ir\u00e1nyba is kilengett a lak\u00f3kocsi, v\u00e9g\u00fcl mag\u00e1val r\u00e1ntotta az aut\u00f3t is. Mindent bebor\u00edtott a t\u00f6rmel\u00e9k, a f\u00e9rfi feles\u00e9ge s\u00falyosan megs\u00e9r\u00fclt. Kider\u00fclt, hogy a sof\u0151r legal\u00e1bb 100-al hajtott 80 kilom\u00e9ter per \u00f3ra helyett. \u00c9vekre is eltilthatj\u00e1k a vezet\u00e9st\u0151l.<\/p>\n\n\n\n<div style=\"width: 100%; height: 0px; position: relative; padding-bottom: 56%;\"><iframe src=\"https:\/\/tenyek.hu\/embed\/21891_mindent-letarolt-a-lakokocsis-gyorshajto\" frameborder=\"0\" allowfullscreen=\"true\" style=\"width: 100%; height: 100%; position: absolute;\"><\/iframe><\/div>\n","protected":false},"excerpt":{"rendered":"<p>T\u00fal gyorsan ment a lak\u00f3kocsival az aut\u00f3p\u00e1ly\u00e1n, ez\u00e9rt szinte mindent letarolt egy sof\u0151r, miut\u00e1n szalagkorl\u00e1tnak csap\u00f3dott az M3-ason. Az esetr\u0151l sokkol\u00f3 vide\u00f3 k\u00e9sz\u00fclt, k\u00e9t ir\u00e1nyba is kilengett a lak\u00f3kocsi, v\u00e9g\u00fcl mag\u00e1val r\u00e1ntotta az aut\u00f3t is. Mindent bebor\u00edtott a t\u00f6rmel\u00e9k, a f\u00e9rfi feles\u00e9ge s\u00falyosan megs\u00e9r\u00fclt. Kider\u00fclt, hogy a sof\u0151r legal\u00e1bb 100-al hajtott 80 kilom\u00e9ter per \u00f3ra [&#8230;]<\/p>\n","protected":false},"author":4,"featured_media":0,"comment_status":"open","ping_status":"closed","sticky":false,"template":"","format":"standard","meta":{"footnotes":""},"categories":[5],"tags":[41,980,3760,844,458,447,120],"class_list":["post-23664","post","type-post","status-publish","format-standard","hentry","category-kek-hirek","tag-baleset","tag-gyorshajtas","tag-lakokocsi","tag-m3","tag-serult","tag-ugyeszseg","tag-vad"],"_links":{"self":[{"href":"https:\/\/www.agriatv.hu\/index.php?rest_route=\/wp\/v2\/posts\/23664","targetHints":{"allow":["GET"]}}],"collection":[{"href":"https:\/\/www.agriatv.hu\/index.php?rest_route=\/wp\/v2\/posts"}],"about":[{"href":"https:\/\/www.agriatv.hu\/index.php?rest_route=\/wp\/v2\/types\/post"}],"author":[{"embeddable":true,"href":"https:\/\/www.agriatv.hu\/index.php?rest_route=\/wp\/v2\/users\/4"}],"replies":[{"embeddable":true,"href":"https:\/\/www.agriatv.hu\/index.php?rest_route=%2Fwp%2Fv2%2Fcomments&post=23664"}],"version-history":[{"count":1,"href":"https:\/\/www.agriatv.hu\/index.php?rest_route=\/wp\/v2\/posts\/23664\/revisions"}],"predecessor-version":[{"id":23665,"href":"https:\/\/www.agriatv.hu\/index.php?rest_route=\/wp\/v2\/posts\/23664\/revisions\/23665"}],"wp:attachment":[{"href":"https:\/\/www.agriatv.hu\/index.php?rest_route=%2Fwp%2Fv2%2Fmedia&parent=23664"}],"wp:term":[{"taxonomy":"category","embeddable":true,"href":"https:\/\/www.agriatv.hu\/index.php?rest_route=%2Fwp%2Fv2%2Fcategories&post=23664"},{"taxonomy":"post_tag","embeddable":true,"href":"https:\/\/www.agriatv.hu\/index.php?rest_route=%2Fwp%2Fv2%2Ftags&post=23664"}],"curies":[{"name":"wp","href":"https:\/\/api.w.org\/{rel}","templated":true}]}}