{"id":23671,"date":"2022-05-11T21:27:10","date_gmt":"2022-05-11T21:27:10","guid":{"rendered":"https:\/\/www.agriatv.hu\/?p=23671"},"modified":"2022-05-11T21:27:13","modified_gmt":"2022-05-11T21:27:13","slug":"megverte-kessel-fenyegette-az-idoseket","status":"publish","type":"post","link":"https:\/\/www.agriatv.hu\/?p=23671","title":{"rendered":"Megverte, k\u00e9ssel fenyegette az id\u0151seket"},"content":{"rendered":"\n<div class=\"wp-block-image\"><figure class=\"alignleft is-resized\"><img loading=\"lazy\" decoding=\"async\" src=\"https:\/\/cdn.tenyek.hu\/media\/f\/f7\/f7d7f287a72caa3e5d984e2bcba238f6.jpg\" alt=\"Media player poster frame\" width=\"207\" height=\"116\"\/><\/figure><\/div>\n\n\n\n<p>Mindent tagadt a t\u00e1rgyal\u00e1son az a f\u00e9rfi, aki megvert egy mozg\u00e1skorl\u00e1tozott id\u0151s f\u00e9rfit \u00e9s feles\u00e9g\u00e9t Szomoly\u00e1n. Az asszony s\u00edrva besz\u00e9lt a T\u00e9nyeknek a borzalmakr\u00f3l. A kisboltban t\u00e1madt r\u00e1 az \u00e1mokfut\u00f3, aki p\u00e9nzt k\u00f6vetelt t\u0151le. Az asszony azonban nem adott neki, ezut\u00e1n kezdte \u00f6k\u00f6llel \u00fctni, majd a h\u00e1zba vonszolta a haj\u00e1n\u00e1l fogva. Ott az id\u0151s embert is megverte, v\u00e9g\u00fcl egy konyhak\u00e9ssel \u00fajra az asszonyra t\u00e1madt.<\/p>\n\n\n\n<div style=\"width: 100%; height: 0px; position: relative; padding-bottom: 56%;\"><iframe src=\"https:\/\/tenyek.hu\/embed\/22093_megverte-kessel-fenyegette-az-idoseket\" frameborder=\"0\" allowfullscreen=\"true\" style=\"width: 100%; height: 100%; position: absolute;\"><\/iframe><\/div>\n","protected":false},"excerpt":{"rendered":"<p>Mindent tagadt a t\u00e1rgyal\u00e1son az a f\u00e9rfi, aki megvert egy mozg\u00e1skorl\u00e1tozott id\u0151s f\u00e9rfit \u00e9s feles\u00e9g\u00e9t Szomoly\u00e1n. Az asszony s\u00edrva besz\u00e9lt a T\u00e9nyeknek a borzalmakr\u00f3l. A kisboltban t\u00e1madt r\u00e1 az \u00e1mokfut\u00f3, aki p\u00e9nzt k\u00f6vetelt t\u0151le. Az asszony azonban nem adott neki, ezut\u00e1n kezdte \u00f6k\u00f6llel \u00fctni, majd a h\u00e1zba vonszolta a haj\u00e1n\u00e1l fogva. Ott az id\u0151s embert [&#8230;]<\/p>\n","protected":false},"author":4,"featured_media":0,"comment_status":"open","ping_status":"closed","sticky":false,"template":"","format":"standard","meta":{"footnotes":""},"categories":[5],"tags":[71,1371,3878,692,122,764],"class_list":["post-23671","post","type-post","status-publish","format-standard","hentry","category-kek-hirek","tag-birosag","tag-idos","tag-kisbolt","tag-rablas","tag-rendorseg","tag-szomolya"],"_links":{"self":[{"href":"https:\/\/www.agriatv.hu\/index.php?rest_route=\/wp\/v2\/posts\/23671","targetHints":{"allow":["GET"]}}],"collection":[{"href":"https:\/\/www.agriatv.hu\/index.php?rest_route=\/wp\/v2\/posts"}],"about":[{"href":"https:\/\/www.agriatv.hu\/index.php?rest_route=\/wp\/v2\/types\/post"}],"author":[{"embeddable":true,"href":"https:\/\/www.agriatv.hu\/index.php?rest_route=\/wp\/v2\/users\/4"}],"replies":[{"embeddable":true,"href":"https:\/\/www.agriatv.hu\/index.php?rest_route=%2Fwp%2Fv2%2Fcomments&post=23671"}],"version-history":[{"count":1,"href":"https:\/\/www.agriatv.hu\/index.php?rest_route=\/wp\/v2\/posts\/23671\/revisions"}],"predecessor-version":[{"id":23672,"href":"https:\/\/www.agriatv.hu\/index.php?rest_route=\/wp\/v2\/posts\/23671\/revisions\/23672"}],"wp:attachment":[{"href":"https:\/\/www.agriatv.hu\/index.php?rest_route=%2Fwp%2Fv2%2Fmedia&parent=23671"}],"wp:term":[{"taxonomy":"category","embeddable":true,"href":"https:\/\/www.agriatv.hu\/index.php?rest_route=%2Fwp%2Fv2%2Fcategories&post=23671"},{"taxonomy":"post_tag","embeddable":true,"href":"https:\/\/www.agriatv.hu\/index.php?rest_route=%2Fwp%2Fv2%2Ftags&post=23671"}],"curies":[{"name":"wp","href":"https:\/\/api.w.org\/{rel}","templated":true}]}}