{"id":23786,"date":"2022-07-07T18:15:25","date_gmt":"2022-07-07T18:15:25","guid":{"rendered":"https:\/\/www.agriatv.hu\/?p=23786"},"modified":"2022-07-07T18:15:27","modified_gmt":"2022-07-07T18:15:27","slug":"tomegbalesetet-okozott-elitelhetik","status":"publish","type":"post","link":"https:\/\/www.agriatv.hu\/?p=23786","title":{"rendered":"T\u00f6megbalesetet okozott, el\u00edt\u00e9lhetik"},"content":{"rendered":"<div class=\"wp-block-image\">\n<figure class=\"alignleft is-resized\"><img loading=\"lazy\" decoding=\"async\" src=\"https:\/\/cdn.tenyek.hu\/media\/a\/a0\/a0dba10d46b2ebce945528a3de556a41.jpg\" alt=\"Media player poster frame\" width=\"224\" height=\"125\"\/><\/figure>\n<\/div>\n\n\n<p>Nem adta meg az els\u0151bbs\u00e9get, \u00edgy egy napon k\u00e9t balesetet is okozott egy 24 \u00e9ves r\u00e9szeg f\u00e9rfi Gy\u00f6ngy\u00f6s\u00f6n. El\u0151sz\u00f6r egy kocsinak, k\u00e9s\u0151bb pedig egy busznak \u00fctk\u00f6z\u00f6tt, ami egy m\u00e1sik aut\u00f3nak csap\u00f3dott, amit egy fiatalkor\u00fa vezetett. \u00d6sszesen heten s\u00e9r\u00fcltek meg, a balesetet okoz\u00f3 sof\u0151r fiatalkor\u00fa utasa s\u00falyosan megs\u00e9r\u00fclt, maradand\u00f3 fogyat\u00e9koss\u00e1ga lett. A f\u00e9rfi ellen most emeltek v\u00e1dat, \u00e9vekre b\u00f6rt\u00f6nbe ker\u00fclhet.<\/p>\n\n\n\n<div style=\"width: 100%; height: 0px; position: relative; padding-bottom: 56%;\"><iframe src=\"https:\/\/tenyek.hu\/embed\/23903_tomegbalesetet-okozott-elitelhetik\" frameborder=\"0\" allowfullscreen=\"true\" style=\"width: 100%; height: 100%; position: absolute;\"><\/iframe><\/div>\n","protected":false},"excerpt":{"rendered":"<p>Nem adta meg az els\u0151bbs\u00e9get, \u00edgy egy napon k\u00e9t balesetet is okozott egy 24 \u00e9ves r\u00e9szeg f\u00e9rfi Gy\u00f6ngy\u00f6s\u00f6n. El\u0151sz\u00f6r egy kocsinak, k\u00e9s\u0151bb pedig egy busznak \u00fctk\u00f6z\u00f6tt, ami egy m\u00e1sik aut\u00f3nak csap\u00f3dott, amit egy fiatalkor\u00fa vezetett. \u00d6sszesen heten s\u00e9r\u00fcltek meg, a balesetet okoz\u00f3 sof\u0151r fiatalkor\u00fa utasa s\u00falyosan megs\u00e9r\u00fclt, maradand\u00f3 fogyat\u00e9koss\u00e1ga lett. A f\u00e9rfi ellen most emeltek [&#8230;]<\/p>\n","protected":false},"author":4,"featured_media":0,"comment_status":"open","ping_status":"closed","sticky":false,"template":"","format":"standard","meta":{"footnotes":""},"categories":[5],"tags":[41,71,968,2163,235,2182],"class_list":["post-23786","post","type-post","status-publish","format-standard","hentry","category-kek-hirek","tag-baleset","tag-birosag","tag-busz","tag-cserbenhagyas","tag-gyongyos","tag-reszeg"],"_links":{"self":[{"href":"https:\/\/www.agriatv.hu\/index.php?rest_route=\/wp\/v2\/posts\/23786","targetHints":{"allow":["GET"]}}],"collection":[{"href":"https:\/\/www.agriatv.hu\/index.php?rest_route=\/wp\/v2\/posts"}],"about":[{"href":"https:\/\/www.agriatv.hu\/index.php?rest_route=\/wp\/v2\/types\/post"}],"author":[{"embeddable":true,"href":"https:\/\/www.agriatv.hu\/index.php?rest_route=\/wp\/v2\/users\/4"}],"replies":[{"embeddable":true,"href":"https:\/\/www.agriatv.hu\/index.php?rest_route=%2Fwp%2Fv2%2Fcomments&post=23786"}],"version-history":[{"count":1,"href":"https:\/\/www.agriatv.hu\/index.php?rest_route=\/wp\/v2\/posts\/23786\/revisions"}],"predecessor-version":[{"id":23787,"href":"https:\/\/www.agriatv.hu\/index.php?rest_route=\/wp\/v2\/posts\/23786\/revisions\/23787"}],"wp:attachment":[{"href":"https:\/\/www.agriatv.hu\/index.php?rest_route=%2Fwp%2Fv2%2Fmedia&parent=23786"}],"wp:term":[{"taxonomy":"category","embeddable":true,"href":"https:\/\/www.agriatv.hu\/index.php?rest_route=%2Fwp%2Fv2%2Fcategories&post=23786"},{"taxonomy":"post_tag","embeddable":true,"href":"https:\/\/www.agriatv.hu\/index.php?rest_route=%2Fwp%2Fv2%2Ftags&post=23786"}],"curies":[{"name":"wp","href":"https:\/\/api.w.org\/{rel}","templated":true}]}}