{"id":23855,"date":"2022-07-31T19:17:29","date_gmt":"2022-07-31T19:17:29","guid":{"rendered":"https:\/\/www.agriatv.hu\/?p=23855"},"modified":"2022-07-31T19:17:30","modified_gmt":"2022-07-31T19:17:30","slug":"20-nemzet-es-300-lo-versenyzett","status":"publish","type":"post","link":"https:\/\/www.agriatv.hu\/?p=23855","title":{"rendered":"20 nemzet \u00e9s 300 l\u00f3 versenyzett"},"content":{"rendered":"<div class=\"wp-block-image\">\n<figure class=\"alignleft is-resized\"><img loading=\"lazy\" decoding=\"async\" src=\"https:\/\/cdn.tenyek.hu\/media\/3\/33\/33b5a7fa24e3b00d19f683afc4171d0c.jpg\" alt=\"Media player poster frame\" width=\"208\" height=\"116\"\/><\/figure>\n<\/div>\n\n\n<p>Egy lengyel versenyz\u0151 nyerte a szilv\u00e1sv\u00e1radi Masters Nemzetk\u00f6zi d\u00edjugrat\u00f3 verseny nagyd\u00edj\u00e1t, ami ad\u00e1sunk el\u0151tt nem sokkal \u00e9rt v\u00e9get. T\u00f6bb mint h\u00e1romsz\u00e1zan neveztek a versenyre, amelyen \u00f6sszesen 20 k\u00fcl\u00f6nb\u00f6z\u0151 nemzet sportol\u00f3ja vett r\u00e9szt. Nemcsak Eur\u00f3p\u00e1b\u00f3l j\u00f6ttek, t\u00f6bb ismert k\u00fclf\u00f6ldi indul\u00f3, \u00e9s olimpikonok is szerepeltek. A p\u00e1ly\u00e1val egy\u00e9bk\u00e9nt nagyon el\u00e9gedettek voltak a versenyz\u0151k, szerint\u00fck a stadionban ak\u00e1r nagy nemzetk\u00f6zi bajnoks\u00e1gokat is tarthatnak majd.<\/p>\n\n\n\n<div style=\"width: 100%; height: 0px; position: relative; padding-bottom: 56%;\"><iframe src=\"https:\/\/tenyek.hu\/embed\/24681_20-nemzet-es-300-lo-versenyzett\" frameborder=\"0\" allowfullscreen=\"true\" style=\"width: 100%; height: 100%; position: absolute;\"><\/iframe><\/div>\n","protected":false},"excerpt":{"rendered":"<p>Egy lengyel versenyz\u0151 nyerte a szilv\u00e1sv\u00e1radi Masters Nemzetk\u00f6zi d\u00edjugrat\u00f3 verseny nagyd\u00edj\u00e1t, ami ad\u00e1sunk el\u0151tt nem sokkal \u00e9rt v\u00e9get. T\u00f6bb mint h\u00e1romsz\u00e1zan neveztek a versenyre, amelyen \u00f6sszesen 20 k\u00fcl\u00f6nb\u00f6z\u0151 nemzet sportol\u00f3ja vett r\u00e9szt. Nemcsak Eur\u00f3p\u00e1b\u00f3l j\u00f6ttek, t\u00f6bb ismert k\u00fclf\u00f6ldi indul\u00f3, \u00e9s olimpikonok is szerepeltek. A p\u00e1ly\u00e1val egy\u00e9bk\u00e9nt nagyon el\u00e9gedettek voltak a versenyz\u0151k, szerint\u00fck a stadionban ak\u00e1r [&#8230;]<\/p>\n","protected":false},"author":4,"featured_media":0,"comment_status":"open","ping_status":"closed","sticky":false,"template":"","format":"standard","meta":{"footnotes":""},"categories":[6,4],"tags":[],"class_list":["post-23855","post","type-post","status-publish","format-standard","hentry","category-belfold","category-szabadido"],"_links":{"self":[{"href":"https:\/\/www.agriatv.hu\/index.php?rest_route=\/wp\/v2\/posts\/23855","targetHints":{"allow":["GET"]}}],"collection":[{"href":"https:\/\/www.agriatv.hu\/index.php?rest_route=\/wp\/v2\/posts"}],"about":[{"href":"https:\/\/www.agriatv.hu\/index.php?rest_route=\/wp\/v2\/types\/post"}],"author":[{"embeddable":true,"href":"https:\/\/www.agriatv.hu\/index.php?rest_route=\/wp\/v2\/users\/4"}],"replies":[{"embeddable":true,"href":"https:\/\/www.agriatv.hu\/index.php?rest_route=%2Fwp%2Fv2%2Fcomments&post=23855"}],"version-history":[{"count":1,"href":"https:\/\/www.agriatv.hu\/index.php?rest_route=\/wp\/v2\/posts\/23855\/revisions"}],"predecessor-version":[{"id":23856,"href":"https:\/\/www.agriatv.hu\/index.php?rest_route=\/wp\/v2\/posts\/23855\/revisions\/23856"}],"wp:attachment":[{"href":"https:\/\/www.agriatv.hu\/index.php?rest_route=%2Fwp%2Fv2%2Fmedia&parent=23855"}],"wp:term":[{"taxonomy":"category","embeddable":true,"href":"https:\/\/www.agriatv.hu\/index.php?rest_route=%2Fwp%2Fv2%2Fcategories&post=23855"},{"taxonomy":"post_tag","embeddable":true,"href":"https:\/\/www.agriatv.hu\/index.php?rest_route=%2Fwp%2Fv2%2Ftags&post=23855"}],"curies":[{"name":"wp","href":"https:\/\/api.w.org\/{rel}","templated":true}]}}