{"id":23872,"date":"2022-08-08T17:50:46","date_gmt":"2022-08-08T17:50:46","guid":{"rendered":"https:\/\/www.agriatv.hu\/?p=23872"},"modified":"2022-08-08T17:50:47","modified_gmt":"2022-08-08T17:50:47","slug":"megverte-baratnojet-majd-keselni-akart","status":"publish","type":"post","link":"https:\/\/www.agriatv.hu\/?p=23872","title":{"rendered":"Megverte bar\u00e1tn\u0151j\u00e9t, majd k\u00e9selni akart"},"content":{"rendered":"<div class=\"wp-block-image\">\n<figure class=\"alignleft is-resized\"><img loading=\"lazy\" decoding=\"async\" src=\"https:\/\/cdn.tenyek.hu\/media\/b\/b5\/b5031300b740fd4ef18777abbb04e05e.jpg\" alt=\"Media player poster frame\" width=\"224\" height=\"125\"\/><\/figure>\n<\/div>\n\n\n<p>\u00d6sszeverte bar\u00e1tn\u0151j\u00e9t, majd k\u00e9ssel fenyeget\u0151z\u00f6tt egy f\u00e9rfi Jobb\u00e1gyiban. A t\u00e1mad\u00f3 m\u00e9g a rend\u0151r\u00f6kkel is \u00fcv\u00f6lt\u00f6z\u00f6tt, a jelenetet a k\u00f6rny\u00e9ken \u00e9l\u0151k vett\u00e9k fel. A n\u0151vel italoz\u00e1s ut\u00e1n vesztek \u00f6ssze valamin, ezut\u00e1n t\u00e1madt r\u00e1 a f\u00e9rfi. Az \u00e1ldozat nyilatkozott a T\u00e9nyeknek. Azt mondja, t\u00f6bb bord\u00e1ja elt\u00f6rt, bar\u00e1tja pedig m\u00e9g a haj\u00e1t is megt\u00e9pte. A f\u00e9rfit \u0151rizetbe vett\u00e9k, b\u00fcntet\u0151elj\u00e1r\u00e1s indult ellene.<\/p>\n\n\n\n<div style=\"width: 100%; height: 0px; position: relative; padding-bottom: 56%;\"><iframe src=\"https:\/\/tenyek.hu\/embed\/24924_megverte-baratnojet-majd-keselni-akart\" frameborder=\"0\" allowfullscreen=\"true\" style=\"width: 100%; height: 100%; position: absolute;\"><\/iframe><\/div>\n","protected":false},"excerpt":{"rendered":"<p>\u00d6sszeverte bar\u00e1tn\u0151j\u00e9t, majd k\u00e9ssel fenyeget\u0151z\u00f6tt egy f\u00e9rfi Jobb\u00e1gyiban. A t\u00e1mad\u00f3 m\u00e9g a rend\u0151r\u00f6kkel is \u00fcv\u00f6lt\u00f6z\u00f6tt, a jelenetet a k\u00f6rny\u00e9ken \u00e9l\u0151k vett\u00e9k fel. A n\u0151vel italoz\u00e1s ut\u00e1n vesztek \u00f6ssze valamin, ezut\u00e1n t\u00e1madt r\u00e1 a f\u00e9rfi. Az \u00e1ldozat nyilatkozott a T\u00e9nyeknek. Azt mondja, t\u00f6bb bord\u00e1ja elt\u00f6rt, bar\u00e1tja pedig m\u00e9g a haj\u00e1t is megt\u00e9pte. A f\u00e9rfit \u0151rizetbe vett\u00e9k, [&#8230;]<\/p>\n","protected":false},"author":4,"featured_media":0,"comment_status":"open","ping_status":"closed","sticky":false,"template":"","format":"standard","meta":{"footnotes":""},"categories":[5],"tags":[3876,3968,3106,122,1565],"class_list":["post-23872","post","type-post","status-publish","format-standard","hentry","category-kek-hirek","tag-baratno","tag-borda","tag-jobbagyi","tag-rendorseg","tag-veres"],"_links":{"self":[{"href":"https:\/\/www.agriatv.hu\/index.php?rest_route=\/wp\/v2\/posts\/23872","targetHints":{"allow":["GET"]}}],"collection":[{"href":"https:\/\/www.agriatv.hu\/index.php?rest_route=\/wp\/v2\/posts"}],"about":[{"href":"https:\/\/www.agriatv.hu\/index.php?rest_route=\/wp\/v2\/types\/post"}],"author":[{"embeddable":true,"href":"https:\/\/www.agriatv.hu\/index.php?rest_route=\/wp\/v2\/users\/4"}],"replies":[{"embeddable":true,"href":"https:\/\/www.agriatv.hu\/index.php?rest_route=%2Fwp%2Fv2%2Fcomments&post=23872"}],"version-history":[{"count":1,"href":"https:\/\/www.agriatv.hu\/index.php?rest_route=\/wp\/v2\/posts\/23872\/revisions"}],"predecessor-version":[{"id":23873,"href":"https:\/\/www.agriatv.hu\/index.php?rest_route=\/wp\/v2\/posts\/23872\/revisions\/23873"}],"wp:attachment":[{"href":"https:\/\/www.agriatv.hu\/index.php?rest_route=%2Fwp%2Fv2%2Fmedia&parent=23872"}],"wp:term":[{"taxonomy":"category","embeddable":true,"href":"https:\/\/www.agriatv.hu\/index.php?rest_route=%2Fwp%2Fv2%2Fcategories&post=23872"},{"taxonomy":"post_tag","embeddable":true,"href":"https:\/\/www.agriatv.hu\/index.php?rest_route=%2Fwp%2Fv2%2Ftags&post=23872"}],"curies":[{"name":"wp","href":"https:\/\/api.w.org\/{rel}","templated":true}]}}