{"id":23878,"date":"2022-08-14T21:40:58","date_gmt":"2022-08-14T21:40:58","guid":{"rendered":"https:\/\/www.agriatv.hu\/?p=23878"},"modified":"2022-08-14T21:40:59","modified_gmt":"2022-08-14T21:40:59","slug":"barlangban-rejtette-el-a-lopott-motort","status":"publish","type":"post","link":"https:\/\/www.agriatv.hu\/?p=23878","title":{"rendered":"Barlangban rejtette el a lopott motort"},"content":{"rendered":"<div class=\"wp-block-image\">\n<figure class=\"alignleft is-resized\"><img loading=\"lazy\" decoding=\"async\" src=\"https:\/\/cdn.tenyek.hu\/media\/4\/4f\/4f835f2bb14e9e4cb5800a675276422c.jpg\" alt=\"Media player poster frame\" width=\"238\" height=\"133\"\/><\/figure>\n<\/div>\n\n\n<p>Egy barlangban rejtette el az ellopott motort egy 19 \u00e9ves f\u00e9rfi Cereden. A tolvaj egy h\u00e9tv\u00e9gi h\u00e1zba t\u00f6rt be, m\u00e1r nem el\u0151sz\u0151r. Ez\u00fattal egy csal\u00e1di erekly\u00e9nek sz\u00e1m\u00edt\u00f3 motort \u00e9s l\u00e9gpusk\u00e1t vitt el. A helyi k\u00f6rzeti megb\u00edzott tal\u00e1lta meg a l\u00f6szfalba \u00e1sott barlangot, ahol a zs\u00e1km\u00e1nyt rejtegette a f\u00e9rfi. A tulajdonos azt mondta, a matuzs\u00e1lem kor\u00fa motort m\u00e1r t\u00f6bbsz\u00f6r megpr\u00f3b\u00e1lt\u00e1k ellopni.<\/p>\n\n\n\n<div style=\"width: 100%; height: 0px; position: relative; padding-bottom: 56%;\"><iframe src=\"https:\/\/tenyek.hu\/embed\/25129_barlangban-rejtette-el-a-lopott-motort\" frameborder=\"0\" allowfullscreen=\"true\" style=\"width: 100%; height: 100%; position: absolute;\"><\/iframe><\/div>\n","protected":false},"excerpt":{"rendered":"<p>Egy barlangban rejtette el az ellopott motort egy 19 \u00e9ves f\u00e9rfi Cereden. A tolvaj egy h\u00e9tv\u00e9gi h\u00e1zba t\u00f6rt be, m\u00e1r nem el\u0151sz\u0151r. Ez\u00fattal egy csal\u00e1di erekly\u00e9nek sz\u00e1m\u00edt\u00f3 motort \u00e9s l\u00e9gpusk\u00e1t vitt el. A helyi k\u00f6rzeti megb\u00edzott tal\u00e1lta meg a l\u00f6szfalba \u00e1sott barlangot, ahol a zs\u00e1km\u00e1nyt rejtegette a f\u00e9rfi. A tulajdonos azt mondta, a matuzs\u00e1lem kor\u00fa [&#8230;]<\/p>\n","protected":false},"author":4,"featured_media":0,"comment_status":"open","ping_status":"closed","sticky":false,"template":"","format":"standard","meta":{"footnotes":""},"categories":[5],"tags":[2035,3412,1510,275,122],"class_list":["post-23878","post","type-post","status-publish","format-standard","hentry","category-kek-hirek","tag-betoro","tag-cered","tag-legpuska","tag-motor","tag-rendorseg"],"_links":{"self":[{"href":"https:\/\/www.agriatv.hu\/index.php?rest_route=\/wp\/v2\/posts\/23878","targetHints":{"allow":["GET"]}}],"collection":[{"href":"https:\/\/www.agriatv.hu\/index.php?rest_route=\/wp\/v2\/posts"}],"about":[{"href":"https:\/\/www.agriatv.hu\/index.php?rest_route=\/wp\/v2\/types\/post"}],"author":[{"embeddable":true,"href":"https:\/\/www.agriatv.hu\/index.php?rest_route=\/wp\/v2\/users\/4"}],"replies":[{"embeddable":true,"href":"https:\/\/www.agriatv.hu\/index.php?rest_route=%2Fwp%2Fv2%2Fcomments&post=23878"}],"version-history":[{"count":1,"href":"https:\/\/www.agriatv.hu\/index.php?rest_route=\/wp\/v2\/posts\/23878\/revisions"}],"predecessor-version":[{"id":23879,"href":"https:\/\/www.agriatv.hu\/index.php?rest_route=\/wp\/v2\/posts\/23878\/revisions\/23879"}],"wp:attachment":[{"href":"https:\/\/www.agriatv.hu\/index.php?rest_route=%2Fwp%2Fv2%2Fmedia&parent=23878"}],"wp:term":[{"taxonomy":"category","embeddable":true,"href":"https:\/\/www.agriatv.hu\/index.php?rest_route=%2Fwp%2Fv2%2Fcategories&post=23878"},{"taxonomy":"post_tag","embeddable":true,"href":"https:\/\/www.agriatv.hu\/index.php?rest_route=%2Fwp%2Fv2%2Ftags&post=23878"}],"curies":[{"name":"wp","href":"https:\/\/api.w.org\/{rel}","templated":true}]}}