{"id":23896,"date":"2022-08-30T18:12:20","date_gmt":"2022-08-30T18:12:20","guid":{"rendered":"https:\/\/www.agriatv.hu\/?p=23896"},"modified":"2022-08-30T18:12:22","modified_gmt":"2022-08-30T18:12:22","slug":"ugatott-a-kutya-kilotte-a-szemet","status":"publish","type":"post","link":"https:\/\/www.agriatv.hu\/?p=23896","title":{"rendered":"Ugatott a kutya, kil\u0151tte a szem\u00e9t"},"content":{"rendered":"<div class=\"wp-block-image\">\n<figure class=\"alignleft is-resized\"><img loading=\"lazy\" decoding=\"async\" src=\"https:\/\/cdn.tenyek.hu\/media\/e\/e6\/e694be0f60a5f5b348a0a81a291cf3cc.jpg\" alt=\"Media player poster frame\" width=\"245\" height=\"137\"\/><\/figure>\n<\/div>\n\n\n<p>Elk\u00e9peszt\u0151 \u00e1llatk\u00ednz\u00e1s, l\u00e9gpusk\u00e1val l\u0151tte ki szomsz\u00e9dja kuty\u00e1j\u00e1nak szem\u00e9t egy kegyetlen f\u00e9rfi Iv\u00e1don. A ker\u00edt\u00e9s t\u00faloldal\u00e1r\u00f3l hergelte a kuty\u00e1t, mik\u00f6zben t\u00f6bbsz\u00f6r r\u00e1l\u0151tt. Az egyik l\u00f6ved\u00e9k eltal\u00e1lta az \u00e1llat szem\u00e9t, a goly\u00f3 a kopony\u00e1j\u00e1ba f\u00far\u00f3dott, f\u00e1jdalm\u00e1ban vony\u00edtva pr\u00f3b\u00e1lt elmenek\u00fclni. Az esetr\u0151l vide\u00f3 is k\u00e9sz\u00fclt, megr\u00e1z\u00f3 k\u00e9pek k\u00f6vetkeznek.<\/p>\n\n\n\n<div style=\"width: 100%; height: 0px; position: relative; padding-bottom: 56%;\"><iframe src=\"https:\/\/tenyek.hu\/embed\/25623_ugatott-a-kutya-kilotte-a-szemet\" frameborder=\"0\" allowfullscreen=\"true\" style=\"width: 100%; height: 100%; position: absolute;\"><\/iframe><\/div>\n","protected":false},"excerpt":{"rendered":"<p>Elk\u00e9peszt\u0151 \u00e1llatk\u00ednz\u00e1s, l\u00e9gpusk\u00e1val l\u0151tte ki szomsz\u00e9dja kuty\u00e1j\u00e1nak szem\u00e9t egy kegyetlen f\u00e9rfi Iv\u00e1don. A ker\u00edt\u00e9s t\u00faloldal\u00e1r\u00f3l hergelte a kuty\u00e1t, mik\u00f6zben t\u00f6bbsz\u00f6r r\u00e1l\u0151tt. Az egyik l\u00f6ved\u00e9k eltal\u00e1lta az \u00e1llat szem\u00e9t, a goly\u00f3 a kopony\u00e1j\u00e1ba f\u00far\u00f3dott, f\u00e1jdalm\u00e1ban vony\u00edtva pr\u00f3b\u00e1lt elmenek\u00fclni. Az esetr\u0151l vide\u00f3 is k\u00e9sz\u00fclt, megr\u00e1z\u00f3 k\u00e9pek k\u00f6vetkeznek.<\/p>\n","protected":false},"author":4,"featured_media":0,"comment_status":"open","ping_status":"closed","sticky":false,"template":"","format":"standard","meta":{"footnotes":""},"categories":[5],"tags":[1299,1477,832,1510,695,1263,2152,2127],"class_list":["post-23896","post","type-post","status-publish","format-standard","hentry","category-kek-hirek","tag-allatkinzas","tag-ivad","tag-kutya","tag-legpuska","tag-loves","tag-serules","tag-vademeles","tag-video"],"_links":{"self":[{"href":"https:\/\/www.agriatv.hu\/index.php?rest_route=\/wp\/v2\/posts\/23896","targetHints":{"allow":["GET"]}}],"collection":[{"href":"https:\/\/www.agriatv.hu\/index.php?rest_route=\/wp\/v2\/posts"}],"about":[{"href":"https:\/\/www.agriatv.hu\/index.php?rest_route=\/wp\/v2\/types\/post"}],"author":[{"embeddable":true,"href":"https:\/\/www.agriatv.hu\/index.php?rest_route=\/wp\/v2\/users\/4"}],"replies":[{"embeddable":true,"href":"https:\/\/www.agriatv.hu\/index.php?rest_route=%2Fwp%2Fv2%2Fcomments&post=23896"}],"version-history":[{"count":1,"href":"https:\/\/www.agriatv.hu\/index.php?rest_route=\/wp\/v2\/posts\/23896\/revisions"}],"predecessor-version":[{"id":23897,"href":"https:\/\/www.agriatv.hu\/index.php?rest_route=\/wp\/v2\/posts\/23896\/revisions\/23897"}],"wp:attachment":[{"href":"https:\/\/www.agriatv.hu\/index.php?rest_route=%2Fwp%2Fv2%2Fmedia&parent=23896"}],"wp:term":[{"taxonomy":"category","embeddable":true,"href":"https:\/\/www.agriatv.hu\/index.php?rest_route=%2Fwp%2Fv2%2Fcategories&post=23896"},{"taxonomy":"post_tag","embeddable":true,"href":"https:\/\/www.agriatv.hu\/index.php?rest_route=%2Fwp%2Fv2%2Ftags&post=23896"}],"curies":[{"name":"wp","href":"https:\/\/api.w.org\/{rel}","templated":true}]}}