{"id":23900,"date":"2022-09-01T23:11:00","date_gmt":"2022-09-01T23:11:00","guid":{"rendered":"https:\/\/www.agriatv.hu\/?p=23900"},"modified":"2022-09-03T17:51:17","modified_gmt":"2022-09-03T17:51:17","slug":"tobb-mint-egymillio-diak-kezdi-a-tanevet","status":"publish","type":"post","link":"https:\/\/www.agriatv.hu\/?p=23900","title":{"rendered":"T\u00f6bb mint egymilli\u00f3 di\u00e1k kezdi a tan\u00e9vet"},"content":{"rendered":"<div class=\"wp-block-image\">\n<figure class=\"alignleft is-resized\"><img loading=\"lazy\" decoding=\"async\" src=\"https:\/\/cdn.tenyek.hu\/media\/7\/7d\/7d862e3e521567a50ee9a71af11d7f2f.jpg\" alt=\"Media player poster frame\" width=\"210\" height=\"117\"\/><\/figure>\n<\/div>\n\n\n<p>T\u00f6bb mint egymilli\u00f3 \u00e1ltal\u00e1nos \u00e9s k\u00f6z\u00e9piskolai tanul\u00f3 kezdte meg cs\u00fct\u00f6rt\u00f6k reggel az \u00faj tan\u00e9vet. B\u00e1r az id\u0151j\u00e1r\u00e1s nem kedvezett a di\u00e1koknak, az es\u0151 sem vette el a lelkesed\u00e9s\u00fcket, hogy \u00fajra be\u00fcljenek az iskolapadba. A tan\u00e9vkezd\u00e9s miatt sok helyen dug\u00f3k alakultak ki az utakon, de a rend\u0151r\u00f6k orsz\u00e1gszerte t\u00f6bb v\u00e1rosban is forgalomir\u00e1ny\u00edt\u00e1ssal seg\u00edtettek a k\u00f6zleked\u0151knek.<\/p>\n\n\n\n<div style=\"width: 100%; height: 0px; position: relative; padding-bottom: 56%;\"><iframe src=\"https:\/\/tenyek.hu\/embed\/25696_tobb-mint-egymillio-diak-kezdi-a-tanevet\" frameborder=\"0\" allowfullscreen=\"true\" style=\"width: 100%; height: 100%; position: absolute;\"><\/iframe><\/div>\n","protected":false},"excerpt":{"rendered":"<p>T\u00f6bb mint egymilli\u00f3 \u00e1ltal\u00e1nos \u00e9s k\u00f6z\u00e9piskolai tanul\u00f3 kezdte meg cs\u00fct\u00f6rt\u00f6k reggel az \u00faj tan\u00e9vet. B\u00e1r az id\u0151j\u00e1r\u00e1s nem kedvezett a di\u00e1koknak, az es\u0151 sem vette el a lelkesed\u00e9s\u00fcket, hogy \u00fajra be\u00fcljenek az iskolapadba. A tan\u00e9vkezd\u00e9s miatt sok helyen dug\u00f3k alakultak ki az utakon, de a rend\u0151r\u00f6k orsz\u00e1gszerte t\u00f6bb v\u00e1rosban is forgalomir\u00e1ny\u00edt\u00e1ssal seg\u00edtettek a k\u00f6zleked\u0151knek.<\/p>\n","protected":false},"author":4,"featured_media":0,"comment_status":"open","ping_status":"closed","sticky":false,"template":"","format":"standard","meta":{"footnotes":""},"categories":[6,9],"tags":[1215,467,133,122,21],"class_list":["post-23900","post","type-post","status-publish","format-standard","hentry","category-belfold","category-oktatas","tag-eso","tag-forgalom","tag-iskola","tag-rendorseg","tag-tanulo"],"_links":{"self":[{"href":"https:\/\/www.agriatv.hu\/index.php?rest_route=\/wp\/v2\/posts\/23900","targetHints":{"allow":["GET"]}}],"collection":[{"href":"https:\/\/www.agriatv.hu\/index.php?rest_route=\/wp\/v2\/posts"}],"about":[{"href":"https:\/\/www.agriatv.hu\/index.php?rest_route=\/wp\/v2\/types\/post"}],"author":[{"embeddable":true,"href":"https:\/\/www.agriatv.hu\/index.php?rest_route=\/wp\/v2\/users\/4"}],"replies":[{"embeddable":true,"href":"https:\/\/www.agriatv.hu\/index.php?rest_route=%2Fwp%2Fv2%2Fcomments&post=23900"}],"version-history":[{"count":2,"href":"https:\/\/www.agriatv.hu\/index.php?rest_route=\/wp\/v2\/posts\/23900\/revisions"}],"predecessor-version":[{"id":23902,"href":"https:\/\/www.agriatv.hu\/index.php?rest_route=\/wp\/v2\/posts\/23900\/revisions\/23902"}],"wp:attachment":[{"href":"https:\/\/www.agriatv.hu\/index.php?rest_route=%2Fwp%2Fv2%2Fmedia&parent=23900"}],"wp:term":[{"taxonomy":"category","embeddable":true,"href":"https:\/\/www.agriatv.hu\/index.php?rest_route=%2Fwp%2Fv2%2Fcategories&post=23900"},{"taxonomy":"post_tag","embeddable":true,"href":"https:\/\/www.agriatv.hu\/index.php?rest_route=%2Fwp%2Fv2%2Ftags&post=23900"}],"curies":[{"name":"wp","href":"https:\/\/api.w.org\/{rel}","templated":true}]}}