{"id":23911,"date":"2022-09-05T19:55:27","date_gmt":"2022-09-05T19:55:27","guid":{"rendered":"https:\/\/www.agriatv.hu\/?p=23911"},"modified":"2022-09-05T19:55:28","modified_gmt":"2022-09-05T19:55:28","slug":"tinik-raboltak-most-eliteltek-oket","status":"publish","type":"post","link":"https:\/\/www.agriatv.hu\/?p=23911","title":{"rendered":"Tinik raboltak, most el\u00edt\u00e9lt\u00e9k \u0151ket"},"content":{"rendered":"<div class=\"wp-block-image\">\n<figure class=\"alignleft is-resized\"><img loading=\"lazy\" decoding=\"async\" src=\"https:\/\/cdn.tenyek.hu\/media\/e\/ed\/ed872cf0e8f917537ed1fbe2407b637a.jpg\" alt=\"Media player poster frame\" width=\"214\" height=\"120\"\/><\/figure>\n<\/div>\n\n\n<p>A ny\u00edlt utc\u00e1n t\u00e1madtak fiatalok id\u0151s emberekre \u00d3zdon, a p\u00e9nz\u00fcket akart\u00e1k elvenni. H\u00e1tulr\u00f3l le\u00fct\u00f6tt\u00e9k, majd a f\u00f6ldre r\u00e1ntott\u00e1k a nyugd\u00edjasokat. A k\u00e9t tizen\u00e9ves a rabl\u00e1sok \u00f3ta b\u00f6rt\u00f6nben van, beismert\u00e9k a t\u00e1mad\u00e1sokat \u00e9s lemondtak a t\u00e1rgyal\u00e1s jog\u00e1r\u00f3l, \u00edgy csak annyi \u00e9vet kaptak, hogy az \u00edt\u00e9let ut\u00e1n m\u00e1r szabadultak is a b\u00f6rt\u00f6nb\u0151l.<\/p>\n\n\n\n<div style=\"width: 100%; height: 0px; position: relative; padding-bottom: 56%;\"><iframe src=\"https:\/\/tenyek.hu\/embed\/25814_tinik-raboltak-most-eliteltek-oket\" frameborder=\"0\" allowfullscreen=\"true\" style=\"width: 100%; height: 100%; position: absolute;\"><\/iframe><\/div>\n","protected":false},"excerpt":{"rendered":"<p>A ny\u00edlt utc\u00e1n t\u00e1madtak fiatalok id\u0151s emberekre \u00d3zdon, a p\u00e9nz\u00fcket akart\u00e1k elvenni. H\u00e1tulr\u00f3l le\u00fct\u00f6tt\u00e9k, majd a f\u00f6ldre r\u00e1ntott\u00e1k a nyugd\u00edjasokat. A k\u00e9t tizen\u00e9ves a rabl\u00e1sok \u00f3ta b\u00f6rt\u00f6nben van, beismert\u00e9k a t\u00e1mad\u00e1sokat \u00e9s lemondtak a t\u00e1rgyal\u00e1s jog\u00e1r\u00f3l, \u00edgy csak annyi \u00e9vet kaptak, hogy az \u00edt\u00e9let ut\u00e1n m\u00e1r szabadultak is a b\u00f6rt\u00f6nb\u0151l.<\/p>\n","protected":false},"author":4,"featured_media":0,"comment_status":"open","ping_status":"closed","sticky":false,"template":"","format":"standard","meta":{"footnotes":""},"categories":[5],"tags":[71,1431,1181,692,2719],"class_list":["post-23911","post","type-post","status-publish","format-standard","hentry","category-kek-hirek","tag-birosag","tag-borton","tag-ozd","tag-rablas","tag-utca"],"_links":{"self":[{"href":"https:\/\/www.agriatv.hu\/index.php?rest_route=\/wp\/v2\/posts\/23911","targetHints":{"allow":["GET"]}}],"collection":[{"href":"https:\/\/www.agriatv.hu\/index.php?rest_route=\/wp\/v2\/posts"}],"about":[{"href":"https:\/\/www.agriatv.hu\/index.php?rest_route=\/wp\/v2\/types\/post"}],"author":[{"embeddable":true,"href":"https:\/\/www.agriatv.hu\/index.php?rest_route=\/wp\/v2\/users\/4"}],"replies":[{"embeddable":true,"href":"https:\/\/www.agriatv.hu\/index.php?rest_route=%2Fwp%2Fv2%2Fcomments&post=23911"}],"version-history":[{"count":1,"href":"https:\/\/www.agriatv.hu\/index.php?rest_route=\/wp\/v2\/posts\/23911\/revisions"}],"predecessor-version":[{"id":23912,"href":"https:\/\/www.agriatv.hu\/index.php?rest_route=\/wp\/v2\/posts\/23911\/revisions\/23912"}],"wp:attachment":[{"href":"https:\/\/www.agriatv.hu\/index.php?rest_route=%2Fwp%2Fv2%2Fmedia&parent=23911"}],"wp:term":[{"taxonomy":"category","embeddable":true,"href":"https:\/\/www.agriatv.hu\/index.php?rest_route=%2Fwp%2Fv2%2Fcategories&post=23911"},{"taxonomy":"post_tag","embeddable":true,"href":"https:\/\/www.agriatv.hu\/index.php?rest_route=%2Fwp%2Fv2%2Ftags&post=23911"}],"curies":[{"name":"wp","href":"https:\/\/api.w.org\/{rel}","templated":true}]}}