{"id":23926,"date":"2022-09-15T18:32:24","date_gmt":"2022-09-15T18:32:24","guid":{"rendered":"https:\/\/www.agriatv.hu\/?p=23926"},"modified":"2022-09-16T06:09:29","modified_gmt":"2022-09-16T06:09:29","slug":"csomagtartoban-talaltak-meg-a-csaladapat","status":"publish","type":"post","link":"https:\/\/www.agriatv.hu\/?p=23926","title":{"rendered":"Csomagtart\u00f3ban tal\u00e1lt\u00e1k meg a csal\u00e1dap\u00e1t"},"content":{"rendered":"<div class=\"wp-block-image\">\n<figure class=\"alignleft is-resized\"><img loading=\"lazy\" decoding=\"async\" src=\"https:\/\/cdn.tenyek.hu\/media\/c\/cc\/ccbd21844e890c410647486d4451de49.jpg\" alt=\"Media player poster frame\" width=\"209\" height=\"117\"\/><\/figure>\n<\/div>\n\n\n<p>Hetek \u00f3ta kerest\u00e9k azt a 23 \u00e9ves csal\u00e1dap\u00e1t, akinek a holttest\u00e9t szerd\u00e1n tal\u00e1lt\u00e1k meg Gy\u00f6ngy\u00f6s\u00f6n, egy aut\u00f3 csomagtart\u00f3j\u00e1ban. \u00dagy tudjuk, a f\u00e9rfit meggyilkolt\u00e1k. Az elt\u0171n\u00e9se napj\u00e1n Budapestr\u0151l utazott Gy\u00f6ngy\u00f6sre, \u00e9p\u00edt\u00e9si v\u00e1llalkoz\u00f3k\u00e9nt dolgozott, munk\u00e1sokat akart kifizetni. T\u00f6bb milli\u00f3 forint lehetett n\u00e1la. Miel\u0151tt elt\u0171nt, a t\u00e9rfigyel\u0151 kamer\u00e1k felvett\u00e9k, ahogy egy aut\u00f3 eg\u00e9szen Budapestt\u0151l k\u00f6vette \u0151t.<\/p>\n\n\n\n<div style=\"width: 100%; height: 0px; position: relative; padding-bottom: 56%;\"><iframe src=\"https:\/\/tenyek.hu\/embed\/26134_csomagtartoban-talaltak-meg-a-csaladapat\" frameborder=\"0\" allowfullscreen=\"true\" style=\"width: 100%; height: 100%; position: absolute;\"><\/iframe><\/div>\n\n\n\n<p>K\u00e9t hete elt\u0171nt, 23 \u00e9ves fiatal holttest\u00e9t tal\u00e1lhatt\u00e1k meg egy aut\u00f3 csomagtart\u00f3j\u00e1ban Gy\u00f6ngy\u00f6s\u00f6n. A rend\u0151rs\u00e9g egyel\u0151re nem er\u0151s\u00edtette meg a h\u00edrt. \u00dagy tudjuk, az \u00e9p\u00edt\u00e9si v\u00e1llalkoz\u00f3 elt\u0171n\u00e9s\u00e9t feles\u00e9ge jelentette be, miut\u00e1n sok k\u00e9szp\u00e9nzzel az\u00e9rt indult el Budapestr\u0151l, hogy az alv\u00e1llalkoz\u00f3it kifizesse. A gy\u00f6ngy\u00f6si t\u00e9v\u00e9 szerint k\u00f6r\u00f6z\u00e9s alatt volt a kocsi, amiben a holttestet megtal\u00e1lt\u00e1k.<\/p>\n\n\n\n<div style=\"width: 100%; height: 0px; position: relative; padding-bottom: 56%;\"><iframe src=\"https:\/\/embed.rtl.hu\/embed\/1961794?autoplay=0\" frameborder=\"0\" allowfullscreen=\"true\" style=\"width: 100%; height: 100%; position: absolute;\"><\/iframe><\/div>\n","protected":false},"excerpt":{"rendered":"<p>Hetek \u00f3ta kerest\u00e9k azt a 23 \u00e9ves csal\u00e1dap\u00e1t, akinek a holttest\u00e9t szerd\u00e1n tal\u00e1lt\u00e1k meg Gy\u00f6ngy\u00f6s\u00f6n, egy aut\u00f3 csomagtart\u00f3j\u00e1ban. \u00dagy tudjuk, a f\u00e9rfit meggyilkolt\u00e1k. Az elt\u0171n\u00e9se napj\u00e1n Budapestr\u0151l utazott Gy\u00f6ngy\u00f6sre, \u00e9p\u00edt\u00e9si v\u00e1llalkoz\u00f3k\u00e9nt dolgozott, munk\u00e1sokat akart kifizetni. T\u00f6bb milli\u00f3 forint lehetett n\u00e1la. Miel\u0151tt elt\u0171nt, a t\u00e9rfigyel\u0151 kamer\u00e1k felvett\u00e9k, ahogy egy aut\u00f3 eg\u00e9szen Budapestt\u0151l k\u00f6vette \u0151t.<\/p>\n<p>K\u00e9t hete elt\u0171nt, [&#8230;]<\/p>\n","protected":false},"author":4,"featured_media":0,"comment_status":"open","ping_status":"closed","sticky":false,"template":"","format":"standard","meta":{"footnotes":""},"categories":[5],"tags":[95,3986,235,122,3985],"class_list":["post-23926","post","type-post","status-publish","format-standard","hentry","category-kek-hirek","tag-budapest","tag-csomagtarto","tag-gyongyos","tag-rendorseg","tag-valalkozo"],"_links":{"self":[{"href":"https:\/\/www.agriatv.hu\/index.php?rest_route=\/wp\/v2\/posts\/23926","targetHints":{"allow":["GET"]}}],"collection":[{"href":"https:\/\/www.agriatv.hu\/index.php?rest_route=\/wp\/v2\/posts"}],"about":[{"href":"https:\/\/www.agriatv.hu\/index.php?rest_route=\/wp\/v2\/types\/post"}],"author":[{"embeddable":true,"href":"https:\/\/www.agriatv.hu\/index.php?rest_route=\/wp\/v2\/users\/4"}],"replies":[{"embeddable":true,"href":"https:\/\/www.agriatv.hu\/index.php?rest_route=%2Fwp%2Fv2%2Fcomments&post=23926"}],"version-history":[{"count":1,"href":"https:\/\/www.agriatv.hu\/index.php?rest_route=\/wp\/v2\/posts\/23926\/revisions"}],"predecessor-version":[{"id":23927,"href":"https:\/\/www.agriatv.hu\/index.php?rest_route=\/wp\/v2\/posts\/23926\/revisions\/23927"}],"wp:attachment":[{"href":"https:\/\/www.agriatv.hu\/index.php?rest_route=%2Fwp%2Fv2%2Fmedia&parent=23926"}],"wp:term":[{"taxonomy":"category","embeddable":true,"href":"https:\/\/www.agriatv.hu\/index.php?rest_route=%2Fwp%2Fv2%2Fcategories&post=23926"},{"taxonomy":"post_tag","embeddable":true,"href":"https:\/\/www.agriatv.hu\/index.php?rest_route=%2Fwp%2Fv2%2Ftags&post=23926"}],"curies":[{"name":"wp","href":"https:\/\/api.w.org\/{rel}","templated":true}]}}